{"id":174494,"date":"2025-04-15T11:09:12","date_gmt":"2025-04-15T10:09:12","guid":{"rendered":"https:\/\/rna.ao\/rna.ao\/?p=174494"},"modified":"2025-04-15T11:09:12","modified_gmt":"2025-04-15T10:09:12","slug":"canal-do-cafu-enfrenta-novos-desafios-com-aumento-do-volume-de-agua-das-chuvas","status":"publish","type":"post","link":"https:\/\/rna.ao\/rna.ao\/2025\/04\/15\/canal-do-cafu-enfrenta-novos-desafios-com-aumento-do-volume-de-agua-das-chuvas\/","title":{"rendered":"Canal do Cafu enfrenta novos desafios com aumento do volume de \u00e1gua das chuvas"},"content":{"rendered":"<p><img loading=\"lazy\" class=\"alignnone size-medium wp-image-174495\" src=\"https:\/\/rna.ao\/rna.ao\/wp-content\/uploads\/2025\/04\/IMG_2352-770x495.jpeg\" alt=\"\" width=\"770\" height=\"495\" srcset=\"https:\/\/rna.ao\/rna.ao\/wp-content\/uploads\/2025\/04\/IMG_2352-770x495.jpeg 770w, https:\/\/rna.ao\/rna.ao\/wp-content\/uploads\/2025\/04\/IMG_2352-1170x752.jpeg 1170w, https:\/\/rna.ao\/rna.ao\/wp-content\/uploads\/2025\/04\/IMG_2352-768x494.jpeg 768w, https:\/\/rna.ao\/rna.ao\/wp-content\/uploads\/2025\/04\/IMG_2352-1536x987.jpeg 1536w, https:\/\/rna.ao\/rna.ao\/wp-content\/uploads\/2025\/04\/IMG_2352.jpeg 1680w\" sizes=\"(max-width: 770px) 100vw, 770px\" \/>O Canal do Cafu, localizado na prov\u00edncia do Cunene, est\u00e1 a enfrentar novos desafios devido ao aumento significativo do volume de \u00e1gua provocado pelas chuvas intensas que t\u00eam ca\u00eddo na regi\u00e3o.<\/p>\n<p>Apesar da press\u00e3o acrescida sobre a infraestrutura, as autoridades locais garantem que o canal continua a funcionar normalmente, assegurando o abastecimento de \u00e1gua \u00e0s comunidades e \u00e0s \u00e1reas agr\u00edcolas adjacentes. Jornalista Leo Adriano. Clique no \u00e1udio e ou\u00e7a:<\/p>\n\t<div class=\"qtmplayer-playlist-large\">\n\t\t<ul class=\"qtmplayer-playlist\">\n\t\t\t\n\t\t\t\t\t<li class=\"qtmplayer-trackitem\">\n\t\t<img src=\"https:\/\/rna.ao\/rna.ao\/wp-content\/uploads\/2025\/04\/IMG_2352-100x100.jpeg\" alt=\"cover\">\t\t<span \t\t\tdata-qtmplayer-cover=\"https:\/\/rna.ao\/rna.ao\/wp-content\/uploads\/2025\/04\/IMG_2352-370x370.jpeg\"\n\t\t\t\t\t\tdata-qtmplayer-file=\"https:\/\/rna.ao\/rna.ao\/wp-content\/uploads\/2025\/04\/CUNENE-CANAL-CAFU-07HRS.mp3\"\n\t\t\t\t\t\tdata-qtmplayer-title=\"Canal do Cafu enfrenta novos desafios com aumento do volume de \u00e1gua das chuvas\"\n\t\t\t\t\t\tdata-qtmplayer-artist=\"Juliana Nunes\"\n\t\t\t\t\t\tdata-qtmplayer-link=\"https:\/\/rna.ao\/rna.ao\/2025\/04\/15\/canal-do-cafu-enfrenta-novos-desafios-com-aumento-do-volume-de-agua-das-chuvas\/\"\n\t\t\t\t\t\tdata-qtmplayer-icon=\"file_download\"\n\t\t\t\t\t\tdata-qtmplayer-type=\"track\"\n\t\t\t class=\"qtmplayer-play qtmplayer-link-sec qtmplayer-play-btn\"><i class='material-icons'>play_arrow<\/i><\/span>\n\t\t<p>\n\t\t\t<span class=\"qtmplayer-tit\">Canal do Cafu enfrenta novos desafios com aumento do volume de \u00e1gua das chuvas<\/span>\n\t\t\t<span class=\"qtmplayer-art\">Juliana Nunes<\/span>\n\t\t<\/p>\n\t<\/li>\n\t\t<\/ul>\n\t<\/div>\t\t\t\n\t\n","protected":false},"excerpt":{"rendered":"<p>O Canal do Cafu, localizado na prov\u00edncia do Cunene, est\u00e1 a enfrentar novos desafios devido ao aumento significativo do volume de \u00e1gua provocado pelas chuvas intensas que t\u00eam ca\u00eddo na regi\u00e3o. Apesar da press\u00e3o acrescida sobre a infraestrutura, as autoridades locais garantem que o canal continua a funcionar normalmente, assegurando ...<\/p>\n","protected":false},"author":16,"featured_media":174495,"comment_status":"closed","ping_status":"closed","sticky":false,"template":"","format":"standard","meta":[],"categories":[142,121,164,163],"tags":[],"_links":{"self":[{"href":"https:\/\/rna.ao\/rna.ao\/wp-json\/wp\/v2\/posts\/174494"}],"collection":[{"href":"https:\/\/rna.ao\/rna.ao\/wp-json\/wp\/v2\/posts"}],"about":[{"href":"https:\/\/rna.ao\/rna.ao\/wp-json\/wp\/v2\/types\/post"}],"author":[{"embeddable":true,"href":"https:\/\/rna.ao\/rna.ao\/wp-json\/wp\/v2\/users\/16"}],"replies":[{"embeddable":true,"href":"https:\/\/rna.ao\/rna.ao\/wp-json\/wp\/v2\/comments?post=174494"}],"version-history":[{"count":1,"href":"https:\/\/rna.ao\/rna.ao\/wp-json\/wp\/v2\/posts\/174494\/revisions"}],"predecessor-version":[{"id":174497,"href":"https:\/\/rna.ao\/rna.ao\/wp-json\/wp\/v2\/posts\/174494\/revisions\/174497"}],"wp:featuredmedia":[{"embeddable":true,"href":"https:\/\/rna.ao\/rna.ao\/wp-json\/wp\/v2\/media\/174495"}],"wp:attachment":[{"href":"https:\/\/rna.ao\/rna.ao\/wp-json\/wp\/v2\/media?parent=174494"}],"wp:term":[{"taxonomy":"category","embeddable":true,"href":"https:\/\/rna.ao\/rna.ao\/wp-json\/wp\/v2\/categories?post=174494"},{"taxonomy":"post_tag","embeddable":true,"href":"https:\/\/rna.ao\/rna.ao\/wp-json\/wp\/v2\/tags?post=174494"}],"curies":[{"name":"wp","href":"https:\/\/api.w.org\/{rel}","templated":true}]}}