{"id":174153,"date":"2025-04-10T14:11:54","date_gmt":"2025-04-10T13:11:54","guid":{"rendered":"https:\/\/rna.ao\/rna.ao\/?p=174153"},"modified":"2025-04-10T14:11:54","modified_gmt":"2025-04-10T13:11:54","slug":"novas-juizas-conselheiras-do-tribunal-constitucional-empossados-pelo-presidente-da-republica-na-cidade-alta","status":"publish","type":"post","link":"https:\/\/rna.ao\/rna.ao\/2025\/04\/10\/novas-juizas-conselheiras-do-tribunal-constitucional-empossados-pelo-presidente-da-republica-na-cidade-alta\/","title":{"rendered":"Novas Ju\u00edzas Conselheiras do Tribunal Constitucional empossados pelo Presidente da Rep\u00fablica na Cidade Alta"},"content":{"rendered":"<p><img loading=\"lazy\" class=\"size-full wp-image-174156 aligncenter\" src=\"https:\/\/rna.ao\/rna.ao\/wp-content\/uploads\/2025\/04\/juizas-consticional.jpg\" alt=\"\" width=\"320\" height=\"214\" \/>O Presidente da Rep\u00fablica, Jo\u00e3o Louren\u00e7o conferiu, hoje, quinta-feira, 10 de Abril, posse as novas Ju\u00edzas Conselheiras do Tribunal Constitucional. Am\u00e9lia Varela e Margareth Nangacovie Quessongo tem 7 anos para defender a Constitui\u00e7\u00e3o e assegurar a integridade dos processos eleitorais. As magistradas que integram agora o F\u00f3rum Especializado em mat\u00e9ria jur\u00eddico-constitucional passam antes pelo crivo da Assembleia Nacional. Saiba mais dados no \u00e1udio abaixo com a rep\u00f3rter Sany Fuche:<\/p>\n\t<div class=\"qtmplayer-playlist-large\">\n\t\t<ul class=\"qtmplayer-playlist\">\n\t\t\t\n\t\t\t\t\t<li class=\"qtmplayer-trackitem\">\n\t\t<img src=\"https:\/\/rna.ao\/rna.ao\/wp-content\/uploads\/2025\/04\/tribunal-constitucional-100x100.jpg\" alt=\"cover\">\t\t<span \t\t\tdata-qtmplayer-cover=\"https:\/\/rna.ao\/rna.ao\/wp-content\/uploads\/2025\/04\/tribunal-constitucional.jpg\"\n\t\t\t\t\t\tdata-qtmplayer-file=\"https:\/\/rna.ao\/rna.ao\/wp-content\/uploads\/2025\/04\/SANY-FUCHE-13HRS-2.mp3\"\n\t\t\t\t\t\tdata-qtmplayer-title=\"Novas Ju\u00edzas Conselheiras do Tribunal Constitucional empossados pelo Presidente da Rep\u00fablica na Cidade Alta\"\n\t\t\t\t\t\tdata-qtmplayer-artist=\"Ant\u00f3nio Augusto\"\n\t\t\t\t\t\tdata-qtmplayer-link=\"https:\/\/rna.ao\/rna.ao\/2025\/04\/10\/novas-juizas-conselheiras-do-tribunal-constitucional-empossados-pelo-presidente-da-republica-na-cidade-alta\/\"\n\t\t\t\t\t\tdata-qtmplayer-icon=\"file_download\"\n\t\t\t\t\t\tdata-qtmplayer-type=\"track\"\n\t\t\t class=\"qtmplayer-play qtmplayer-link-sec qtmplayer-play-btn\"><i class='material-icons'>play_arrow<\/i><\/span>\n\t\t<p>\n\t\t\t<span class=\"qtmplayer-tit\">Novas Ju\u00edzas Conselheiras do Tribunal Constitucional empossados pelo Presidente da Rep\u00fablica na Cidade Alta<\/span>\n\t\t\t<span class=\"qtmplayer-art\">Ant\u00f3nio Augusto<\/span>\n\t\t<\/p>\n\t<\/li>\n\t\t<\/ul>\n\t<\/div>\t\t\t\n\t\n","protected":false},"excerpt":{"rendered":"<p>O Presidente da Rep\u00fablica, Jo\u00e3o Louren\u00e7o conferiu, hoje, quinta-feira, 10 de Abril, posse as novas Ju\u00edzas Conselheiras do Tribunal Constitucional. Am\u00e9lia Varela e Margareth Nangacovie Quessongo tem 7 anos para defender a Constitui\u00e7\u00e3o e assegurar a integridade dos processos eleitorais. As magistradas que integram agora o F\u00f3rum Especializado em mat\u00e9ria ...<\/p>\n","protected":false},"author":23,"featured_media":174157,"comment_status":"closed","ping_status":"closed","sticky":false,"template":"","format":"standard","meta":[],"categories":[142,121,164,163],"tags":[],"_links":{"self":[{"href":"https:\/\/rna.ao\/rna.ao\/wp-json\/wp\/v2\/posts\/174153"}],"collection":[{"href":"https:\/\/rna.ao\/rna.ao\/wp-json\/wp\/v2\/posts"}],"about":[{"href":"https:\/\/rna.ao\/rna.ao\/wp-json\/wp\/v2\/types\/post"}],"author":[{"embeddable":true,"href":"https:\/\/rna.ao\/rna.ao\/wp-json\/wp\/v2\/users\/23"}],"replies":[{"embeddable":true,"href":"https:\/\/rna.ao\/rna.ao\/wp-json\/wp\/v2\/comments?post=174153"}],"version-history":[{"count":1,"href":"https:\/\/rna.ao\/rna.ao\/wp-json\/wp\/v2\/posts\/174153\/revisions"}],"predecessor-version":[{"id":174158,"href":"https:\/\/rna.ao\/rna.ao\/wp-json\/wp\/v2\/posts\/174153\/revisions\/174158"}],"wp:featuredmedia":[{"embeddable":true,"href":"https:\/\/rna.ao\/rna.ao\/wp-json\/wp\/v2\/media\/174157"}],"wp:attachment":[{"href":"https:\/\/rna.ao\/rna.ao\/wp-json\/wp\/v2\/media?parent=174153"}],"wp:term":[{"taxonomy":"category","embeddable":true,"href":"https:\/\/rna.ao\/rna.ao\/wp-json\/wp\/v2\/categories?post=174153"},{"taxonomy":"post_tag","embeddable":true,"href":"https:\/\/rna.ao\/rna.ao\/wp-json\/wp\/v2\/tags?post=174153"}],"curies":[{"name":"wp","href":"https:\/\/api.w.org\/{rel}","templated":true}]}}