{"id":173481,"date":"2025-04-03T14:15:17","date_gmt":"2025-04-03T13:15:17","guid":{"rendered":"https:\/\/rna.ao\/rna.ao\/?p=173481"},"modified":"2025-04-03T17:18:47","modified_gmt":"2025-04-03T16:18:47","slug":"cristaos-de-todo-o-pais-vao-celebrar-o-dia-da-paz-e-reconciliacao-nacional-com-cultos-de-accao-de-gracas","status":"publish","type":"post","link":"https:\/\/rna.ao\/rna.ao\/2025\/04\/03\/cristaos-de-todo-o-pais-vao-celebrar-o-dia-da-paz-e-reconciliacao-nacional-com-cultos-de-accao-de-gracas\/","title":{"rendered":"Crist\u00e3os de todo o pa\u00eds v\u00e3o celebrar o dia da paz e reconcilia\u00e7\u00e3o nacional com cultos de ac\u00e7\u00e3o de gra\u00e7as"},"content":{"rendered":"<p><img loading=\"lazy\" class=\"size-full wp-image-111934 aligncenter\" src=\"https:\/\/rna.ao\/rna.ao\/wp-content\/uploads\/2023\/08\/Igreja-Convencao-Baptista-de-Angolaa.jpg\" alt=\"\" width=\"369\" height=\"207\" \/>Os Crist\u00e3os de todo o pa\u00eds, v\u00e3o celebrar o dia da paz e reconcilia\u00e7\u00e3o\u00a0\u00a0 nacional com cultos de ac\u00e7\u00e3o de gra\u00e7as em Luanda.<\/p>\n<p>O culto que marcar\u00e1 o 4 de Abril acontece amanh\u00e3, sexta-feira(04), \u00e1s 8 horas, no templo da Igreja Assembleia de Deus Pentecostal Catedral do Talatona. Saiba mais dados no \u00e1udio abaixo com o rep\u00f3rter Polaco Pedro:<\/p>\n\t<div class=\"qtmplayer-playlist-large\">\n\t\t<ul class=\"qtmplayer-playlist\">\n\t\t\t\n\t\t\t\t\t<li class=\"qtmplayer-trackitem\">\n\t\t<img src=\"https:\/\/rna.ao\/rna.ao\/wp-content\/uploads\/2023\/08\/Igreja-Convencao-Baptista-de-Angolaa-100x100.jpg\" alt=\"cover\">\t\t<span \t\t\tdata-qtmplayer-cover=\"https:\/\/rna.ao\/rna.ao\/wp-content\/uploads\/2023\/08\/Igreja-Convencao-Baptista-de-Angolaa.jpg\"\n\t\t\t\t\t\tdata-qtmplayer-file=\"https:\/\/rna.ao\/rna.ao\/wp-content\/uploads\/2025\/04\/POLACO-PEDRO-13HRS.mp3\"\n\t\t\t\t\t\tdata-qtmplayer-title=\"Crist\u00e3os de todo o pa\u00eds v\u00e3o celebrar o dia da paz e reconcilia\u00e7\u00e3o nacional com cultos de ac\u00e7\u00e3o de gra\u00e7as\"\n\t\t\t\t\t\tdata-qtmplayer-artist=\"Ant\u00f3nio Augusto\"\n\t\t\t\t\t\tdata-qtmplayer-link=\"https:\/\/rna.ao\/rna.ao\/2025\/04\/03\/cristaos-de-todo-o-pais-vao-celebrar-o-dia-da-paz-e-reconciliacao-nacional-com-cultos-de-accao-de-gracas\/\"\n\t\t\t\t\t\tdata-qtmplayer-icon=\"file_download\"\n\t\t\t\t\t\tdata-qtmplayer-type=\"track\"\n\t\t\t class=\"qtmplayer-play qtmplayer-link-sec qtmplayer-play-btn\"><i class='material-icons'>play_arrow<\/i><\/span>\n\t\t<p>\n\t\t\t<span class=\"qtmplayer-tit\">Crist\u00e3os de todo o pa\u00eds v\u00e3o celebrar o dia da paz e reconcilia\u00e7\u00e3o nacional com cultos de ac\u00e7\u00e3o de gra\u00e7as<\/span>\n\t\t\t<span class=\"qtmplayer-art\">Ant\u00f3nio Augusto<\/span>\n\t\t<\/p>\n\t<\/li>\n\t\t<\/ul>\n\t<\/div>\t\t\t\n\t\n","protected":false},"excerpt":{"rendered":"<p>Os Crist\u00e3os de todo o pa\u00eds, v\u00e3o celebrar o dia da paz e reconcilia\u00e7\u00e3o\u00a0\u00a0 nacional com cultos de ac\u00e7\u00e3o de gra\u00e7as em Luanda. O culto que marcar\u00e1 o 4 de Abril acontece amanh\u00e3, sexta-feira(04), \u00e1s 8 horas, no templo da Igreja Assembleia de Deus Pentecostal Catedral do Talatona. Saiba mais ...<\/p>\n","protected":false},"author":23,"featured_media":111934,"comment_status":"closed","ping_status":"closed","sticky":false,"template":"","format":"standard","meta":[],"categories":[141,133,163],"tags":[],"_links":{"self":[{"href":"https:\/\/rna.ao\/rna.ao\/wp-json\/wp\/v2\/posts\/173481"}],"collection":[{"href":"https:\/\/rna.ao\/rna.ao\/wp-json\/wp\/v2\/posts"}],"about":[{"href":"https:\/\/rna.ao\/rna.ao\/wp-json\/wp\/v2\/types\/post"}],"author":[{"embeddable":true,"href":"https:\/\/rna.ao\/rna.ao\/wp-json\/wp\/v2\/users\/23"}],"replies":[{"embeddable":true,"href":"https:\/\/rna.ao\/rna.ao\/wp-json\/wp\/v2\/comments?post=173481"}],"version-history":[{"count":3,"href":"https:\/\/rna.ao\/rna.ao\/wp-json\/wp\/v2\/posts\/173481\/revisions"}],"predecessor-version":[{"id":173516,"href":"https:\/\/rna.ao\/rna.ao\/wp-json\/wp\/v2\/posts\/173481\/revisions\/173516"}],"wp:featuredmedia":[{"embeddable":true,"href":"https:\/\/rna.ao\/rna.ao\/wp-json\/wp\/v2\/media\/111934"}],"wp:attachment":[{"href":"https:\/\/rna.ao\/rna.ao\/wp-json\/wp\/v2\/media?parent=173481"}],"wp:term":[{"taxonomy":"category","embeddable":true,"href":"https:\/\/rna.ao\/rna.ao\/wp-json\/wp\/v2\/categories?post=173481"},{"taxonomy":"post_tag","embeddable":true,"href":"https:\/\/rna.ao\/rna.ao\/wp-json\/wp\/v2\/tags?post=173481"}],"curies":[{"name":"wp","href":"https:\/\/api.w.org\/{rel}","templated":true}]}}