{"id":173414,"date":"2025-04-03T10:59:49","date_gmt":"2025-04-03T09:59:49","guid":{"rendered":"https:\/\/rna.ao\/rna.ao\/?p=173414"},"modified":"2025-04-03T10:59:49","modified_gmt":"2025-04-03T09:59:49","slug":"mpla-quer-ver-suas-estruturas-alinhadas-as-tarefas-do-plano-anual-do-partido","status":"publish","type":"post","link":"https:\/\/rna.ao\/rna.ao\/2025\/04\/03\/mpla-quer-ver-suas-estruturas-alinhadas-as-tarefas-do-plano-anual-do-partido\/","title":{"rendered":"MPLA quer ver suas estruturas alinhadas \u00e0s tarefas do plano anual do partido"},"content":{"rendered":"<p><img loading=\"lazy\" class=\"size-full wp-image-173416 aligncenter\" src=\"https:\/\/rna.ao\/rna.ao\/wp-content\/uploads\/2025\/04\/MPLA-MAIANGAA.jpg\" alt=\"\" width=\"320\" height=\"214\" \/>O munic\u00edpio da Maianga, em Luanda, recebeu na quarta-feira(02) a visita do Secret\u00e1rio Geral do MPLA, Paulo Pombolo com o objectivo de radiografar as estruturas interm\u00e9dia. \u00c9, o in\u00edcio de uma s\u00e9rie de actividades que o partido dos camaradas vai realizar durante o m\u00eas de Abril para avaliar a vida interna do partido. Saiba mais dados no \u00e1udio abaixo com o rep\u00f3rter Ant\u00f3nio Pinto:<\/p>\n\t<div class=\"qtmplayer-playlist-large\">\n\t\t<ul class=\"qtmplayer-playlist\">\n\t\t\t\n\t\t\t\t\t<li class=\"qtmplayer-trackitem\">\n\t\t<img src=\"https:\/\/rna.ao\/rna.ao\/wp-content\/uploads\/2025\/04\/MPLA-maianga-100x100.jpg\" alt=\"cover\">\t\t<span \t\t\tdata-qtmplayer-cover=\"https:\/\/rna.ao\/rna.ao\/wp-content\/uploads\/2025\/04\/MPLA-maianga.jpg\"\n\t\t\t\t\t\tdata-qtmplayer-file=\"https:\/\/rna.ao\/rna.ao\/wp-content\/uploads\/2025\/04\/ANTONIO-PINTO-20-HRS.mp3\"\n\t\t\t\t\t\tdata-qtmplayer-title=\"MPLA quer ver suas estruturas alinhadas \u00e0s tarefas do plano anual do partido\"\n\t\t\t\t\t\tdata-qtmplayer-artist=\"Ant\u00f3nio Augusto\"\n\t\t\t\t\t\tdata-qtmplayer-link=\"https:\/\/rna.ao\/rna.ao\/2025\/04\/03\/mpla-quer-ver-suas-estruturas-alinhadas-as-tarefas-do-plano-anual-do-partido\/\"\n\t\t\t\t\t\tdata-qtmplayer-icon=\"file_download\"\n\t\t\t\t\t\tdata-qtmplayer-type=\"track\"\n\t\t\t class=\"qtmplayer-play qtmplayer-link-sec qtmplayer-play-btn\"><i class='material-icons'>play_arrow<\/i><\/span>\n\t\t<p>\n\t\t\t<span class=\"qtmplayer-tit\">MPLA quer ver suas estruturas alinhadas \u00e0s tarefas do plano anual do partido<\/span>\n\t\t\t<span class=\"qtmplayer-art\">Ant\u00f3nio Augusto<\/span>\n\t\t<\/p>\n\t<\/li>\n\t\t<\/ul>\n\t<\/div>\t\t\t\n\t\n","protected":false},"excerpt":{"rendered":"<p>O munic\u00edpio da Maianga, em Luanda, recebeu na quarta-feira(02) a visita do Secret\u00e1rio Geral do MPLA, Paulo Pombolo com o objectivo de radiografar as estruturas interm\u00e9dia. \u00c9, o in\u00edcio de uma s\u00e9rie de actividades que o partido dos camaradas vai realizar durante o m\u00eas de Abril para avaliar a vida ...<\/p>\n","protected":false},"author":23,"featured_media":173417,"comment_status":"closed","ping_status":"closed","sticky":false,"template":"","format":"standard","meta":[],"categories":[141,133,164],"tags":[],"_links":{"self":[{"href":"https:\/\/rna.ao\/rna.ao\/wp-json\/wp\/v2\/posts\/173414"}],"collection":[{"href":"https:\/\/rna.ao\/rna.ao\/wp-json\/wp\/v2\/posts"}],"about":[{"href":"https:\/\/rna.ao\/rna.ao\/wp-json\/wp\/v2\/types\/post"}],"author":[{"embeddable":true,"href":"https:\/\/rna.ao\/rna.ao\/wp-json\/wp\/v2\/users\/23"}],"replies":[{"embeddable":true,"href":"https:\/\/rna.ao\/rna.ao\/wp-json\/wp\/v2\/comments?post=173414"}],"version-history":[{"count":1,"href":"https:\/\/rna.ao\/rna.ao\/wp-json\/wp\/v2\/posts\/173414\/revisions"}],"predecessor-version":[{"id":173418,"href":"https:\/\/rna.ao\/rna.ao\/wp-json\/wp\/v2\/posts\/173414\/revisions\/173418"}],"wp:featuredmedia":[{"embeddable":true,"href":"https:\/\/rna.ao\/rna.ao\/wp-json\/wp\/v2\/media\/173417"}],"wp:attachment":[{"href":"https:\/\/rna.ao\/rna.ao\/wp-json\/wp\/v2\/media?parent=173414"}],"wp:term":[{"taxonomy":"category","embeddable":true,"href":"https:\/\/rna.ao\/rna.ao\/wp-json\/wp\/v2\/categories?post=173414"},{"taxonomy":"post_tag","embeddable":true,"href":"https:\/\/rna.ao\/rna.ao\/wp-json\/wp\/v2\/tags?post=173414"}],"curies":[{"name":"wp","href":"https:\/\/api.w.org\/{rel}","templated":true}]}}