{"id":173397,"date":"2025-04-03T10:31:32","date_gmt":"2025-04-03T09:31:32","guid":{"rendered":"https:\/\/rna.ao\/rna.ao\/?p=173397"},"modified":"2025-04-03T10:31:32","modified_gmt":"2025-04-03T09:31:32","slug":"governo-angolano-com-olhar-atento-para-melhoria-no-atendimento-de-pessoas-autistas","status":"publish","type":"post","link":"https:\/\/rna.ao\/rna.ao\/2025\/04\/03\/governo-angolano-com-olhar-atento-para-melhoria-no-atendimento-de-pessoas-autistas\/","title":{"rendered":"Governo angolano com olhar atento para melhoria no atendimento de pessoas autistas"},"content":{"rendered":"<p><img loading=\"lazy\" class=\"size-full wp-image-156455 aligncenter\" src=\"https:\/\/rna.ao\/rna.ao\/wp-content\/uploads\/2024\/09\/Maria-do-Rosario-Teixeira-de-Alva-Sequeira-Braganca.jpg\" alt=\"\" width=\"319\" height=\"209\" \/>O mundo assinalou ontem, quarta-feira(02) o dia mundial do autismo, em Angola, o governo reitera o seu compromisso com a promo\u00e7\u00e3o do desenvolvimento e bem-estar das pessoas com a referida patologia. A garantia foi dada pela Ministra de Estado para \u00c1rea Social, Maria do Ros\u00e1rio Bragan\u00e7a que revelou que j\u00e1 se trabalha com organiza\u00e7\u00f5es afim de se identificar obst\u00e1culos e m\u00e9todos eficazes para melhor atendimento as pessoas com autismo. Clique no \u00e1udio abaixo e saiba mais:<\/p>\n","protected":false},"excerpt":{"rendered":"<p>O mundo assinalou ontem, quarta-feira(02) o dia mundial do autismo, em Angola, o governo reitera o seu compromisso com a promo\u00e7\u00e3o do desenvolvimento e bem-estar das pessoas com a referida patologia. A garantia foi dada pela Ministra de Estado para \u00c1rea Social, Maria do Ros\u00e1rio Bragan\u00e7a que revelou que j\u00e1 ...<\/p>\n","protected":false},"author":23,"featured_media":173398,"comment_status":"closed","ping_status":"closed","sticky":false,"template":"","format":"standard","meta":[],"categories":[141,133,164],"tags":[],"_links":{"self":[{"href":"https:\/\/rna.ao\/rna.ao\/wp-json\/wp\/v2\/posts\/173397"}],"collection":[{"href":"https:\/\/rna.ao\/rna.ao\/wp-json\/wp\/v2\/posts"}],"about":[{"href":"https:\/\/rna.ao\/rna.ao\/wp-json\/wp\/v2\/types\/post"}],"author":[{"embeddable":true,"href":"https:\/\/rna.ao\/rna.ao\/wp-json\/wp\/v2\/users\/23"}],"replies":[{"embeddable":true,"href":"https:\/\/rna.ao\/rna.ao\/wp-json\/wp\/v2\/comments?post=173397"}],"version-history":[{"count":1,"href":"https:\/\/rna.ao\/rna.ao\/wp-json\/wp\/v2\/posts\/173397\/revisions"}],"predecessor-version":[{"id":173399,"href":"https:\/\/rna.ao\/rna.ao\/wp-json\/wp\/v2\/posts\/173397\/revisions\/173399"}],"wp:featuredmedia":[{"embeddable":true,"href":"https:\/\/rna.ao\/rna.ao\/wp-json\/wp\/v2\/media\/173398"}],"wp:attachment":[{"href":"https:\/\/rna.ao\/rna.ao\/wp-json\/wp\/v2\/media?parent=173397"}],"wp:term":[{"taxonomy":"category","embeddable":true,"href":"https:\/\/rna.ao\/rna.ao\/wp-json\/wp\/v2\/categories?post=173397"},{"taxonomy":"post_tag","embeddable":true,"href":"https:\/\/rna.ao\/rna.ao\/wp-json\/wp\/v2\/tags?post=173397"}],"curies":[{"name":"wp","href":"https:\/\/api.w.org\/{rel}","templated":true}]}}