{"id":172750,"date":"2025-03-28T17:36:08","date_gmt":"2025-03-28T16:36:08","guid":{"rendered":"https:\/\/rna.ao\/rna.ao\/?p=172750"},"modified":"2025-03-28T17:36:08","modified_gmt":"2025-03-28T16:36:08","slug":"cidade-do-huambo-acolhe-acto-central-em-saudacao-ao-33o-aniversario-do-sja","status":"publish","type":"post","link":"https:\/\/rna.ao\/rna.ao\/2025\/03\/28\/cidade-do-huambo-acolhe-acto-central-em-saudacao-ao-33o-aniversario-do-sja\/","title":{"rendered":"Cidade do Huambo acolhe Acto Central em sauda\u00e7\u00e3o ao 33\u00ba anivers\u00e1rio do SJA"},"content":{"rendered":"<p><img loading=\"lazy\" class=\"alignnone size-medium wp-image-172751\" src=\"https:\/\/rna.ao\/rna.ao\/wp-content\/uploads\/2025\/03\/0008e7da-287c-433d-a932-c64407b2fc9d-770x356.jpeg\" alt=\"\" width=\"770\" height=\"356\" srcset=\"https:\/\/rna.ao\/rna.ao\/wp-content\/uploads\/2025\/03\/0008e7da-287c-433d-a932-c64407b2fc9d-770x356.jpeg 770w, https:\/\/rna.ao\/rna.ao\/wp-content\/uploads\/2025\/03\/0008e7da-287c-433d-a932-c64407b2fc9d-1170x540.jpeg 1170w, https:\/\/rna.ao\/rna.ao\/wp-content\/uploads\/2025\/03\/0008e7da-287c-433d-a932-c64407b2fc9d-768x355.jpeg 768w, https:\/\/rna.ao\/rna.ao\/wp-content\/uploads\/2025\/03\/0008e7da-287c-433d-a932-c64407b2fc9d.jpeg 1280w\" sizes=\"(max-width: 770px) 100vw, 770px\" \/><\/p>\n<p>O Sindicato dos Jornalistas Angolanos &#8211; SJA celebra nesta sexta-feira, 28 de Mar\u00e7o de 2025, o seu 33\u00b0 anivers\u00e1rio de exist\u00eancia.<\/p>\n<p>O Acto Central em sauda\u00e7\u00e3o \u00e0 efem\u00e9ride, decorre na cidade do Huambo, sob tutela do seu Secret\u00e1rio-Geral Pedro Miguel.<\/p>\n<p>De acordo com o sindicalista, a escolha da cidade do Huambo para a realiza\u00e7\u00e3o do Acto Central, tem como objectivo levar a institui\u00e7\u00e3o a promover mais ac\u00e7\u00f5es fora de Luanda, bem como levar a unidade e a solidariedade aos profissionais da classe que vivem e trabalham no interior do pa\u00eds<\/p>\n<p>A cerim\u00f4nia de abertura das celebra\u00e7\u00f5es do 33\u00ba anivers\u00e1rio do SJA foi prestigiada pelo Vice-Governador Provincial do Huambo para os sectores Social, Pol\u00edtico e Econ\u00f3mico, Angelino Elavoco que na ocasi\u00e3o destacou o papel dos jornalistas na promo\u00e7\u00e3o de um ambiente cada vez mais democr\u00e1tico ao n\u00edvel do pa\u00eds.<\/p>\n<p>O Sindicato dos Jornalistas Angolanos \u00e9 uma entidade que trabalha desde a sua funda\u00e7\u00e3o em 1992 na luta pela promo\u00e7\u00e3o das liberdades de imprensa, de express\u00e3o e da democracia no seio dos profissionais da classe.<\/p>\n<p>Por: Elias Guito<\/p>\n","protected":false},"excerpt":{"rendered":"<p>O Sindicato dos Jornalistas Angolanos &#8211; SJA celebra nesta sexta-feira, 28 de Mar\u00e7o de 2025, o seu 33\u00b0 anivers\u00e1rio de exist\u00eancia. O Acto Central em sauda\u00e7\u00e3o \u00e0 efem\u00e9ride, decorre na cidade do Huambo, sob tutela do seu Secret\u00e1rio-Geral Pedro Miguel. De acordo com o sindicalista, a escolha da cidade do ...<\/p>\n","protected":false},"author":9,"featured_media":172752,"comment_status":"closed","ping_status":"closed","sticky":false,"template":"","format":"standard","meta":[],"categories":[139,142,121,163],"tags":[],"_links":{"self":[{"href":"https:\/\/rna.ao\/rna.ao\/wp-json\/wp\/v2\/posts\/172750"}],"collection":[{"href":"https:\/\/rna.ao\/rna.ao\/wp-json\/wp\/v2\/posts"}],"about":[{"href":"https:\/\/rna.ao\/rna.ao\/wp-json\/wp\/v2\/types\/post"}],"author":[{"embeddable":true,"href":"https:\/\/rna.ao\/rna.ao\/wp-json\/wp\/v2\/users\/9"}],"replies":[{"embeddable":true,"href":"https:\/\/rna.ao\/rna.ao\/wp-json\/wp\/v2\/comments?post=172750"}],"version-history":[{"count":1,"href":"https:\/\/rna.ao\/rna.ao\/wp-json\/wp\/v2\/posts\/172750\/revisions"}],"predecessor-version":[{"id":172753,"href":"https:\/\/rna.ao\/rna.ao\/wp-json\/wp\/v2\/posts\/172750\/revisions\/172753"}],"wp:featuredmedia":[{"embeddable":true,"href":"https:\/\/rna.ao\/rna.ao\/wp-json\/wp\/v2\/media\/172752"}],"wp:attachment":[{"href":"https:\/\/rna.ao\/rna.ao\/wp-json\/wp\/v2\/media?parent=172750"}],"wp:term":[{"taxonomy":"category","embeddable":true,"href":"https:\/\/rna.ao\/rna.ao\/wp-json\/wp\/v2\/categories?post=172750"},{"taxonomy":"post_tag","embeddable":true,"href":"https:\/\/rna.ao\/rna.ao\/wp-json\/wp\/v2\/tags?post=172750"}],"curies":[{"name":"wp","href":"https:\/\/api.w.org\/{rel}","templated":true}]}}