{"id":172742,"date":"2025-03-28T17:11:58","date_gmt":"2025-03-28T16:11:58","guid":{"rendered":"https:\/\/rna.ao\/rna.ao\/?p=172742"},"modified":"2025-03-28T17:14:40","modified_gmt":"2025-03-28T16:14:40","slug":"paris-cimeira-internacional-nutricao-para-o-crescimento-recomenda-os-governos-a-promocao-de-politicas-eficazes-para-combater-a-malnutricao-e-garantir-um-futuro-mais-saudavel-para-as","status":"publish","type":"post","link":"https:\/\/rna.ao\/rna.ao\/2025\/03\/28\/paris-cimeira-internacional-nutricao-para-o-crescimento-recomenda-os-governos-a-promocao-de-politicas-eficazes-para-combater-a-malnutricao-e-garantir-um-futuro-mais-saudavel-para-as\/","title":{"rendered":"Paris. Cimeira Internacional \u201cNutri\u00e7\u00e3o Para o Crescimento\u201d recomenda aos Governos a promo\u00e7\u00e3o de pol\u00edticas eficazes para combater a malnutri\u00e7\u00e3o e garantir um futuro mais saud\u00e1vel para as pr\u00f3ximas gera\u00e7\u00f5es"},"content":{"rendered":"<p><img loading=\"lazy\" class=\"alignnone size-medium wp-image-172743\" src=\"https:\/\/rna.ao\/rna.ao\/wp-content\/uploads\/2025\/03\/IMG_1819-770x578.jpeg\" alt=\"\" width=\"770\" height=\"578\" srcset=\"https:\/\/rna.ao\/rna.ao\/wp-content\/uploads\/2025\/03\/IMG_1819-770x578.jpeg 770w, https:\/\/rna.ao\/rna.ao\/wp-content\/uploads\/2025\/03\/IMG_1819-1170x878.jpeg 1170w, https:\/\/rna.ao\/rna.ao\/wp-content\/uploads\/2025\/03\/IMG_1819-768x576.jpeg 768w, https:\/\/rna.ao\/rna.ao\/wp-content\/uploads\/2025\/03\/IMG_1819-1536x1152.jpeg 1536w, https:\/\/rna.ao\/rna.ao\/wp-content\/uploads\/2025\/03\/IMG_1819.jpeg 1600w\" sizes=\"(max-width: 770px) 100vw, 770px\" \/>A urg\u00eancia de ac\u00e7\u00f5es concretas e a necessidade de colabora\u00e7\u00e3o entre governos, organiza\u00e7\u00f5es e sector privado para enfrentar os desafios da nutri\u00e7\u00e3o a n\u00edvel global, promovendo pol\u00edticas eficazes para combater a malnutri\u00e7\u00e3o e garantir um futuro mais saud\u00e1vel para as pr\u00f3ximas gera\u00e7\u00f5es s\u00e3o as recomenda\u00e7\u00f5es sa\u00eddas da Cimeira Internacional \u201cNutri\u00e7\u00e3o Para o Crescimento\u201d que encerrou esta sexta-feira em Paris, Fran\u00e7a.<\/p>\n<p>A cimeira de alto n\u00edvel, juntou durante 2 dias l\u00edderes globais, especialistas e organiza\u00e7\u00f5es para debater solu\u00e7\u00f5es inovadoras para a nutri\u00e7\u00e3o e seguran\u00e7a alimentar.<\/p>\n<p>Angola esteve representada no evento pela Ministra da Sa\u00fade, S\u00edlvia Lutucuta, o Secret\u00e1rio de Estado para a Agricultura e Pecu\u00e1ria, Castro Paulino Camarada e pela Embaixadora de Angola em Fran\u00e7a, Guilhermina Prata.<\/p>\n<p>Durante os trabalhos, a comitiva angolana refor\u00e7ou o compromisso do executivo com a<br \/>\nseguran\u00e7a alimentar e nutricional e defendeu a necessidade de parcerias estrat\u00e9gicas para impulsionar o desenvolvimento sustent\u00e1vel no sector.<\/p>\n<p>Durante dois dias, foram debatidos temas como nutri\u00e7\u00e3o e sustentabilidade, financiamento e inova\u00e7\u00e3o, igualdade de g\u00e9nero e resili\u00eancia a crises.<\/p>\n<p>Quanto a Aldeia de Solu\u00e7\u00f5es para a Nutri\u00e7\u00e3o, foram apresentadas iniciativas e tecnologias inovadoras para melhorar a alimenta\u00e7\u00e3o e a seguran\u00e7a alimentar no mundo.<\/p>\n<p>A cerim\u00f3nia de abertura foi conduzida pelo Primeiro-Ministro franc\u00eas, Fran\u00e7ois Bayrou, que destacou a import\u00e2ncia da coopera\u00e7\u00e3o internacional na luta contra a malnutri\u00e7\u00e3o e o fortalecimento de sistemas alimentares sustent\u00e1veis.<\/p>\n","protected":false},"excerpt":{"rendered":"<p>A urg\u00eancia de ac\u00e7\u00f5es concretas e a necessidade de colabora\u00e7\u00e3o entre governos, organiza\u00e7\u00f5es e sector privado para enfrentar os desafios da nutri\u00e7\u00e3o a n\u00edvel global, promovendo pol\u00edticas eficazes para combater a malnutri\u00e7\u00e3o e garantir um futuro mais saud\u00e1vel para as pr\u00f3ximas gera\u00e7\u00f5es s\u00e3o as recomenda\u00e7\u00f5es sa\u00eddas da Cimeira Internacional \u201cNutri\u00e7\u00e3o ...<\/p>\n","protected":false},"author":16,"featured_media":172743,"comment_status":"closed","ping_status":"closed","sticky":false,"template":"","format":"standard","meta":[],"categories":[142,121,164,163],"tags":[],"_links":{"self":[{"href":"https:\/\/rna.ao\/rna.ao\/wp-json\/wp\/v2\/posts\/172742"}],"collection":[{"href":"https:\/\/rna.ao\/rna.ao\/wp-json\/wp\/v2\/posts"}],"about":[{"href":"https:\/\/rna.ao\/rna.ao\/wp-json\/wp\/v2\/types\/post"}],"author":[{"embeddable":true,"href":"https:\/\/rna.ao\/rna.ao\/wp-json\/wp\/v2\/users\/16"}],"replies":[{"embeddable":true,"href":"https:\/\/rna.ao\/rna.ao\/wp-json\/wp\/v2\/comments?post=172742"}],"version-history":[{"count":4,"href":"https:\/\/rna.ao\/rna.ao\/wp-json\/wp\/v2\/posts\/172742\/revisions"}],"predecessor-version":[{"id":172747,"href":"https:\/\/rna.ao\/rna.ao\/wp-json\/wp\/v2\/posts\/172742\/revisions\/172747"}],"wp:featuredmedia":[{"embeddable":true,"href":"https:\/\/rna.ao\/rna.ao\/wp-json\/wp\/v2\/media\/172743"}],"wp:attachment":[{"href":"https:\/\/rna.ao\/rna.ao\/wp-json\/wp\/v2\/media?parent=172742"}],"wp:term":[{"taxonomy":"category","embeddable":true,"href":"https:\/\/rna.ao\/rna.ao\/wp-json\/wp\/v2\/categories?post=172742"},{"taxonomy":"post_tag","embeddable":true,"href":"https:\/\/rna.ao\/rna.ao\/wp-json\/wp\/v2\/tags?post=172742"}],"curies":[{"name":"wp","href":"https:\/\/api.w.org\/{rel}","templated":true}]}}