{"id":172463,"date":"2025-03-26T17:17:13","date_gmt":"2025-03-26T16:17:13","guid":{"rendered":"https:\/\/rna.ao\/rna.ao\/?p=172463"},"modified":"2025-03-27T08:02:53","modified_gmt":"2025-03-27T07:02:53","slug":"joao-lourenco-reune-com-felix-tshisekedi-no-palacio-presidencial-em-luanda","status":"publish","type":"post","link":"https:\/\/rna.ao\/rna.ao\/2025\/03\/26\/joao-lourenco-reune-com-felix-tshisekedi-no-palacio-presidencial-em-luanda\/","title":{"rendered":"Jo\u00e3o Louren\u00e7o re\u00fane-se com F\u00e9lix Tshisekedi no Pal\u00e1cio Presidencial em Luanda"},"content":{"rendered":"<p><img loading=\"lazy\" class=\"alignnone size-medium wp-image-172464\" src=\"https:\/\/rna.ao\/rna.ao\/wp-content\/uploads\/2025\/03\/7be10027-954a-4f2f-9c4d-72c4335eee82-770x610.jpeg\" alt=\"\" width=\"770\" height=\"610\" srcset=\"https:\/\/rna.ao\/rna.ao\/wp-content\/uploads\/2025\/03\/7be10027-954a-4f2f-9c4d-72c4335eee82-770x610.jpeg 770w, https:\/\/rna.ao\/rna.ao\/wp-content\/uploads\/2025\/03\/7be10027-954a-4f2f-9c4d-72c4335eee82-768x608.jpeg 768w, https:\/\/rna.ao\/rna.ao\/wp-content\/uploads\/2025\/03\/7be10027-954a-4f2f-9c4d-72c4335eee82.jpeg 1077w\" sizes=\"(max-width: 770px) 100vw, 770px\" \/><\/p>\n<p>O Presidente da Rep\u00fablica Democr\u00e1tica do Congo (RDC), F\u00e9lix Antoine Tshisekedi Tshilombo, esteve esta quarta-feira, em Luanda para um encontro com o seu hom\u00f3logo angolano, Jo\u00e3o Louren\u00e7o.<\/p>\n<p><img loading=\"lazy\" class=\"alignnone size-medium wp-image-172466\" src=\"https:\/\/rna.ao\/rna.ao\/wp-content\/uploads\/2025\/03\/IMG_0968-770x513.jpeg\" alt=\"\" width=\"770\" height=\"513\" srcset=\"https:\/\/rna.ao\/rna.ao\/wp-content\/uploads\/2025\/03\/IMG_0968-770x513.jpeg 770w, https:\/\/rna.ao\/rna.ao\/wp-content\/uploads\/2025\/03\/IMG_0968-1170x780.jpeg 1170w, https:\/\/rna.ao\/rna.ao\/wp-content\/uploads\/2025\/03\/IMG_0968-768x512.jpeg 768w, https:\/\/rna.ao\/rna.ao\/wp-content\/uploads\/2025\/03\/IMG_0968-1536x1024.jpeg 1536w, https:\/\/rna.ao\/rna.ao\/wp-content\/uploads\/2025\/03\/IMG_0968-2048x1365.jpeg 2048w\" sizes=\"(max-width: 770px) 100vw, 770px\" \/><br \/>\nNo final do encontro, o ministro das Rela\u00e7\u00f5es Exteriores, T\u00e9te Ant\u00f3nio, esclareceu \u00e0 imprensa que os dois estadistas acordaram manter consultas regulares, apesar da sa\u00edda de Angola da media\u00e7\u00e3o do conflito entre a Rep\u00fablica Democr\u00e1tica do Congo e o Rwanda.<\/p>\n<div>Essas consultas, acrescentou, ser\u00e3o realizadas no \u00e2mbito das responsabilidades de Angola enquanto presidente na Uni\u00e3o Africana.<\/div>\n<div><\/div>\n<div>\n<div><\/div>\n<\/div>\n","protected":false},"excerpt":{"rendered":"<p>O Presidente da Rep\u00fablica Democr\u00e1tica do Congo (RDC), F\u00e9lix Antoine Tshisekedi Tshilombo, esteve esta quarta-feira, em Luanda para um encontro com o seu hom\u00f3logo angolano, Jo\u00e3o Louren\u00e7o. No final do encontro, o ministro das Rela\u00e7\u00f5es Exteriores, T\u00e9te Ant\u00f3nio, esclareceu \u00e0 imprensa que os dois estadistas acordaram manter consultas regulares, apesar ...<\/p>\n","protected":false},"author":9,"featured_media":172465,"comment_status":"closed","ping_status":"closed","sticky":false,"template":"","format":"standard","meta":[],"categories":[142,121,163],"tags":[],"_links":{"self":[{"href":"https:\/\/rna.ao\/rna.ao\/wp-json\/wp\/v2\/posts\/172463"}],"collection":[{"href":"https:\/\/rna.ao\/rna.ao\/wp-json\/wp\/v2\/posts"}],"about":[{"href":"https:\/\/rna.ao\/rna.ao\/wp-json\/wp\/v2\/types\/post"}],"author":[{"embeddable":true,"href":"https:\/\/rna.ao\/rna.ao\/wp-json\/wp\/v2\/users\/9"}],"replies":[{"embeddable":true,"href":"https:\/\/rna.ao\/rna.ao\/wp-json\/wp\/v2\/comments?post=172463"}],"version-history":[{"count":2,"href":"https:\/\/rna.ao\/rna.ao\/wp-json\/wp\/v2\/posts\/172463\/revisions"}],"predecessor-version":[{"id":172493,"href":"https:\/\/rna.ao\/rna.ao\/wp-json\/wp\/v2\/posts\/172463\/revisions\/172493"}],"wp:featuredmedia":[{"embeddable":true,"href":"https:\/\/rna.ao\/rna.ao\/wp-json\/wp\/v2\/media\/172465"}],"wp:attachment":[{"href":"https:\/\/rna.ao\/rna.ao\/wp-json\/wp\/v2\/media?parent=172463"}],"wp:term":[{"taxonomy":"category","embeddable":true,"href":"https:\/\/rna.ao\/rna.ao\/wp-json\/wp\/v2\/categories?post=172463"},{"taxonomy":"post_tag","embeddable":true,"href":"https:\/\/rna.ao\/rna.ao\/wp-json\/wp\/v2\/tags?post=172463"}],"curies":[{"name":"wp","href":"https:\/\/api.w.org\/{rel}","templated":true}]}}