{"id":172456,"date":"2025-03-26T15:41:04","date_gmt":"2025-03-26T14:41:04","guid":{"rendered":"https:\/\/rna.ao\/rna.ao\/?p=172456"},"modified":"2025-03-26T15:43:50","modified_gmt":"2025-03-26T14:43:50","slug":"ministerio-da-justica-e-dos-direitos-humanos-encerra-temporariamente-o-cartorio-notarial-de-viana-por-indicios-de-actos-de-corrupcao-e-outras-irregularidades","status":"publish","type":"post","link":"https:\/\/rna.ao\/rna.ao\/2025\/03\/26\/ministerio-da-justica-e-dos-direitos-humanos-encerra-temporariamente-o-cartorio-notarial-de-viana-por-indicios-de-actos-de-corrupcao-e-outras-irregularidades\/","title":{"rendered":"Minist\u00e9rio da Justi\u00e7a e dos Direitos Humanos encerra temporariamente o Cart\u00f3rio Notarial de Viana por ind\u00edcios de actos de corrup\u00e7\u00e3o e outras irregularidades"},"content":{"rendered":"<p><img loading=\"lazy\" class=\"alignnone size-full wp-image-172457\" src=\"https:\/\/rna.ao\/rna.ao\/wp-content\/uploads\/2025\/03\/IMG_1729.jpeg\" alt=\"\" width=\"620\" height=\"355\" \/>Em consequ\u00eancia da constata\u00e7\u00e3o de ind\u00edcios de actos de corrup\u00e7\u00e3o e outras irregularidades no exerc\u00edcio da fun\u00e7\u00e3o p\u00fablica, envolvendo alguns funcion\u00e1rios e terceiros, o Minist\u00e9rio da Justi\u00e7a e dos Direitos Humanos informa que, por determina\u00e7\u00e3o do Ministro Marcy Lopes, o Cart\u00f3rio Notarial de Viana ter\u00e1 os seus servi\u00e7os temporariamente suspensos.<\/p>\n<p>Segundo o comunicado do referido Minist\u00e9rio, em posse da Redac\u00e7\u00e3o on-line da RNA, a medida tem como objectivo preservar a integridade da institui\u00e7\u00e3o e assegurar a observ\u00e2ncia da legalidade dos actos e o respeito pelos direitos e interesses legalmente protegidos dos cidad\u00e3os.<\/p>\n<p>Os cidad\u00e3os com processos pendentes, levantamento de documentos ou outros esclarecimentos, podem contactar os servi\u00e7os atrav\u00e9s dos telefones 923 530 180 e 933 74 74 29, durante o hor\u00e1rio normal de expediente.<\/p>\n","protected":false},"excerpt":{"rendered":"<p>Em consequ\u00eancia da constata\u00e7\u00e3o de ind\u00edcios de actos de corrup\u00e7\u00e3o e outras irregularidades no exerc\u00edcio da fun\u00e7\u00e3o p\u00fablica, envolvendo alguns funcion\u00e1rios e terceiros, o Minist\u00e9rio da Justi\u00e7a e dos Direitos Humanos informa que, por determina\u00e7\u00e3o do Ministro Marcy Lopes, o Cart\u00f3rio Notarial de Viana ter\u00e1 os seus servi\u00e7os temporariamente suspensos. ...<\/p>\n","protected":false},"author":16,"featured_media":172457,"comment_status":"closed","ping_status":"closed","sticky":false,"template":"","format":"standard","meta":[],"categories":[142,121,141,133,164,163],"tags":[],"_links":{"self":[{"href":"https:\/\/rna.ao\/rna.ao\/wp-json\/wp\/v2\/posts\/172456"}],"collection":[{"href":"https:\/\/rna.ao\/rna.ao\/wp-json\/wp\/v2\/posts"}],"about":[{"href":"https:\/\/rna.ao\/rna.ao\/wp-json\/wp\/v2\/types\/post"}],"author":[{"embeddable":true,"href":"https:\/\/rna.ao\/rna.ao\/wp-json\/wp\/v2\/users\/16"}],"replies":[{"embeddable":true,"href":"https:\/\/rna.ao\/rna.ao\/wp-json\/wp\/v2\/comments?post=172456"}],"version-history":[{"count":1,"href":"https:\/\/rna.ao\/rna.ao\/wp-json\/wp\/v2\/posts\/172456\/revisions"}],"predecessor-version":[{"id":172458,"href":"https:\/\/rna.ao\/rna.ao\/wp-json\/wp\/v2\/posts\/172456\/revisions\/172458"}],"wp:featuredmedia":[{"embeddable":true,"href":"https:\/\/rna.ao\/rna.ao\/wp-json\/wp\/v2\/media\/172457"}],"wp:attachment":[{"href":"https:\/\/rna.ao\/rna.ao\/wp-json\/wp\/v2\/media?parent=172456"}],"wp:term":[{"taxonomy":"category","embeddable":true,"href":"https:\/\/rna.ao\/rna.ao\/wp-json\/wp\/v2\/categories?post=172456"},{"taxonomy":"post_tag","embeddable":true,"href":"https:\/\/rna.ao\/rna.ao\/wp-json\/wp\/v2\/tags?post=172456"}],"curies":[{"name":"wp","href":"https:\/\/api.w.org\/{rel}","templated":true}]}}