{"id":172412,"date":"2025-03-26T13:31:52","date_gmt":"2025-03-26T12:31:52","guid":{"rendered":"https:\/\/rna.ao\/rna.ao\/?p=172412"},"modified":"2025-03-26T13:31:52","modified_gmt":"2025-03-26T12:31:52","slug":"deputados-preocupados-com-tempo-de-espera-nos-hospitais","status":"publish","type":"post","link":"https:\/\/rna.ao\/rna.ao\/2025\/03\/26\/deputados-preocupados-com-tempo-de-espera-nos-hospitais\/","title":{"rendered":"Deputados preocupados com tempo de espera nos hospitais"},"content":{"rendered":"<p><img loading=\"lazy\" class=\"alignnone size-medium wp-image-172414\" src=\"https:\/\/rna.ao\/rna.ao\/wp-content\/uploads\/2025\/03\/IMG_0957-1-770x514.jpeg\" alt=\"\" width=\"770\" height=\"514\" srcset=\"https:\/\/rna.ao\/rna.ao\/wp-content\/uploads\/2025\/03\/IMG_0957-1-770x514.jpeg 770w, https:\/\/rna.ao\/rna.ao\/wp-content\/uploads\/2025\/03\/IMG_0957-1-768x512.jpeg 768w, https:\/\/rna.ao\/rna.ao\/wp-content\/uploads\/2025\/03\/IMG_0957-1.jpeg 1090w\" sizes=\"(max-width: 770px) 100vw, 770px\" \/><br \/>\nDeputados da Assembleia Nacional visitaram nesta ter\u00e7a-feira o Hospital Josina Machel, em Luanda, e manifestaram preocupa\u00e7\u00e3o com as longas filas de espera para atendimento.<\/p>\n<p>Os parlamentares apelaram ao refor\u00e7o de recursos humanos para atender \u00e0 elevada demanda e comprometeram-se a defender medidas urgentes para melhorar os servi\u00e7os de sa\u00fade no pa\u00eds. Jornalista Ant\u00f3nio Chocolate. Clique no \u00e1udio abaixo e ou\u00e7a :<\/p>\n\t<div class=\"qtmplayer-playlist-large\">\n\t\t<ul class=\"qtmplayer-playlist\">\n\t\t\t\n\t\t\t\t\t<li class=\"qtmplayer-trackitem\">\n\t\t<img src=\"https:\/\/rna.ao\/rna.ao\/wp-content\/uploads\/2025\/03\/IMG_0958-100x100.jpeg\" alt=\"cover\">\t\t<span \t\t\tdata-qtmplayer-cover=\"https:\/\/rna.ao\/rna.ao\/wp-content\/uploads\/2025\/03\/IMG_0958-370x370.jpeg\"\n\t\t\t\t\t\tdata-qtmplayer-file=\"https:\/\/rna.ao\/rna.ao\/wp-content\/uploads\/2025\/03\/ANTO_NIO-CHOCOLATE-7-HORAS.mp3\"\n\t\t\t\t\t\tdata-qtmplayer-title=\"Deputados preocupados com tempo de espera nos hospitais\"\n\t\t\t\t\t\tdata-qtmplayer-artist=\"Carla Quipungo\"\n\t\t\t\t\t\tdata-qtmplayer-link=\"https:\/\/rna.ao\/rna.ao\/2025\/03\/26\/deputados-preocupados-com-tempo-de-espera-nos-hospitais\/\"\n\t\t\t\t\t\tdata-qtmplayer-icon=\"file_download\"\n\t\t\t\t\t\tdata-qtmplayer-type=\"track\"\n\t\t\t class=\"qtmplayer-play qtmplayer-link-sec qtmplayer-play-btn\"><i class='material-icons'>play_arrow<\/i><\/span>\n\t\t<p>\n\t\t\t<span class=\"qtmplayer-tit\">Deputados preocupados com tempo de espera nos hospitais<\/span>\n\t\t\t<span class=\"qtmplayer-art\">Carla Quipungo<\/span>\n\t\t<\/p>\n\t<\/li>\n\t\t<\/ul>\n\t<\/div>\t\t\t\n\t\n<p>&nbsp;<\/p>\n","protected":false},"excerpt":{"rendered":"<p>Deputados da Assembleia Nacional visitaram nesta ter\u00e7a-feira o Hospital Josina Machel, em Luanda, e manifestaram preocupa\u00e7\u00e3o com as longas filas de espera para atendimento. Os parlamentares apelaram ao refor\u00e7o de recursos humanos para atender \u00e0 elevada demanda e comprometeram-se a defender medidas urgentes para melhorar os servi\u00e7os de sa\u00fade no ...<\/p>\n","protected":false},"author":9,"featured_media":172415,"comment_status":"closed","ping_status":"closed","sticky":false,"template":"","format":"standard","meta":[],"categories":[142,121,163],"tags":[],"_links":{"self":[{"href":"https:\/\/rna.ao\/rna.ao\/wp-json\/wp\/v2\/posts\/172412"}],"collection":[{"href":"https:\/\/rna.ao\/rna.ao\/wp-json\/wp\/v2\/posts"}],"about":[{"href":"https:\/\/rna.ao\/rna.ao\/wp-json\/wp\/v2\/types\/post"}],"author":[{"embeddable":true,"href":"https:\/\/rna.ao\/rna.ao\/wp-json\/wp\/v2\/users\/9"}],"replies":[{"embeddable":true,"href":"https:\/\/rna.ao\/rna.ao\/wp-json\/wp\/v2\/comments?post=172412"}],"version-history":[{"count":2,"href":"https:\/\/rna.ao\/rna.ao\/wp-json\/wp\/v2\/posts\/172412\/revisions"}],"predecessor-version":[{"id":172440,"href":"https:\/\/rna.ao\/rna.ao\/wp-json\/wp\/v2\/posts\/172412\/revisions\/172440"}],"wp:featuredmedia":[{"embeddable":true,"href":"https:\/\/rna.ao\/rna.ao\/wp-json\/wp\/v2\/media\/172415"}],"wp:attachment":[{"href":"https:\/\/rna.ao\/rna.ao\/wp-json\/wp\/v2\/media?parent=172412"}],"wp:term":[{"taxonomy":"category","embeddable":true,"href":"https:\/\/rna.ao\/rna.ao\/wp-json\/wp\/v2\/categories?post=172412"},{"taxonomy":"post_tag","embeddable":true,"href":"https:\/\/rna.ao\/rna.ao\/wp-json\/wp\/v2\/tags?post=172412"}],"curies":[{"name":"wp","href":"https:\/\/api.w.org\/{rel}","templated":true}]}}