{"id":171972,"date":"2025-03-21T15:27:49","date_gmt":"2025-03-21T14:27:49","guid":{"rendered":"https:\/\/rna.ao\/rna.ao\/?p=171972"},"modified":"2025-03-21T15:27:49","modified_gmt":"2025-03-21T14:27:49","slug":"rna-substitui-top-dos-mais-queridos-pelo-top-angola-premios-da-musica","status":"publish","type":"post","link":"https:\/\/rna.ao\/rna.ao\/2025\/03\/21\/rna-substitui-top-dos-mais-queridos-pelo-top-angola-premios-da-musica\/","title":{"rendered":"RNA substitui \u201cTop dos Mais Queridos\u201d pelo \u201cTop-Angola, Pr\u00e9mios da M\u00fasica\u201d"},"content":{"rendered":"<p><img loading=\"lazy\" class=\"alignnone size-full wp-image-171976\" src=\"https:\/\/rna.ao\/rna.ao\/wp-content\/uploads\/2025\/03\/IMG_1565.jpeg\" alt=\"\" width=\"546\" height=\"403\" \/>A R\u00e1dio Nacional de Angola vai passar a realizar, em outubro, o Top-Angola, Pr\u00e9mios da M\u00fasica.<\/p>\n<p>A primeira edi\u00e7\u00e3o acontece j\u00e1 este ano e coincide com os 50 anos de independ\u00eancia.<\/p>\n<p>O mais novo projecto da RNA de promo\u00e7\u00e3o da m\u00fasica angolana vem substituir o Top dos Mais Queridos.<\/p>\n<p>O \u201cTop Angola- Pr\u00eamios da M\u00fasica pretende ser inovador, mais abrangente e um valor acrescentado no reconhecimento e valoriza\u00e7\u00e3o dos m\u00fasicos e da m\u00fasica nos seus diferentes g\u00eaneros e estilos.<\/p>\n<p>O Administrador de conte\u00fados da R\u00e1dio Nacional de Angola, Estanislau Garcia, explica os caminhos percorridos e as raz\u00f5es para o nascimento do novo modelo do maior concurso da m\u00fasica angolana. Clique no \u00e1udio e ou\u00e7a:<\/p>\n\t<div class=\"qtmplayer-playlist-large\">\n\t\t<ul class=\"qtmplayer-playlist\">\n\t\t\t\n\t\t\t\t\t<li class=\"qtmplayer-trackitem\">\n\t\t<img src=\"https:\/\/rna.ao\/rna.ao\/wp-content\/uploads\/2025\/03\/IMG_1565-100x100.jpeg\" alt=\"cover\">\t\t<span \t\t\tdata-qtmplayer-cover=\"https:\/\/rna.ao\/rna.ao\/wp-content\/uploads\/2025\/03\/IMG_1565-370x370.jpeg\"\n\t\t\t\t\t\tdata-qtmplayer-file=\"https:\/\/rna.ao\/rna.ao\/wp-content\/uploads\/2025\/03\/ESTANISLAOU-SILVA-13HRS.mp3\"\n\t\t\t\t\t\tdata-qtmplayer-title=\"RNA substitui \u201cTop dos Mais Queridos\u201d pelo \u201cTop-Angola, Pr\u00e9mios da M\u00fasica\u201d\"\n\t\t\t\t\t\tdata-qtmplayer-artist=\"Juliana Nunes\"\n\t\t\t\t\t\tdata-qtmplayer-link=\"https:\/\/rna.ao\/rna.ao\/2025\/03\/21\/rna-substitui-top-dos-mais-queridos-pelo-top-angola-premios-da-musica\/\"\n\t\t\t\t\t\tdata-qtmplayer-icon=\"file_download\"\n\t\t\t\t\t\tdata-qtmplayer-type=\"track\"\n\t\t\t class=\"qtmplayer-play qtmplayer-link-sec qtmplayer-play-btn\"><i class='material-icons'>play_arrow<\/i><\/span>\n\t\t<p>\n\t\t\t<span class=\"qtmplayer-tit\">RNA substitui \u201cTop dos Mais Queridos\u201d pelo \u201cTop-Angola, Pr\u00e9mios da M\u00fasica\u201d<\/span>\n\t\t\t<span class=\"qtmplayer-art\">Juliana Nunes<\/span>\n\t\t<\/p>\n\t<\/li>\n\t\t<\/ul>\n\t<\/div>\t\t\t\n\t\n<p>O novo concurso foi idealizado para ser mais inclusivo e alargado, para que os fazedores dos diferentes estilos musicais possam ser contemplados.<\/p>\n<p>V\u00e3o estar em concurso diversas categorias, como explica Bruno Ivo, membro da comiss\u00e3o organizadora do Top Angola- Pr\u00eamios da M\u00fasica. Clique no \u00e1udio e ou\u00e7a:<\/p>\n\t<div class=\"qtmplayer-playlist-large\">\n\t\t<ul class=\"qtmplayer-playlist\">\n\t\t\t\n\t\t\t\t\t<li class=\"qtmplayer-trackitem\">\n\t\t<img src=\"https:\/\/rna.ao\/rna.ao\/wp-content\/uploads\/2025\/03\/IMG_1565-100x100.jpeg\" alt=\"cover\">\t\t<span \t\t\tdata-qtmplayer-cover=\"https:\/\/rna.ao\/rna.ao\/wp-content\/uploads\/2025\/03\/IMG_1565-370x370.jpeg\"\n\t\t\t\t\t\tdata-qtmplayer-file=\"https:\/\/rna.ao\/rna.ao\/wp-content\/uploads\/2025\/03\/BRUNO-IVO-TOP-01-13HRS.mp3\"\n\t\t\t\t\t\tdata-qtmplayer-title=\"RNA substitui \u201cTop dos Mais Queridos\u201d pelo \u201cTop-Angola, Pr\u00e9mios da M\u00fasica\u201d\"\n\t\t\t\t\t\tdata-qtmplayer-artist=\"Juliana Nunes\"\n\t\t\t\t\t\tdata-qtmplayer-link=\"https:\/\/rna.ao\/rna.ao\/2025\/03\/21\/rna-substitui-top-dos-mais-queridos-pelo-top-angola-premios-da-musica\/\"\n\t\t\t\t\t\tdata-qtmplayer-icon=\"file_download\"\n\t\t\t\t\t\tdata-qtmplayer-type=\"track\"\n\t\t\t class=\"qtmplayer-play qtmplayer-link-sec qtmplayer-play-btn\"><i class='material-icons'>play_arrow<\/i><\/span>\n\t\t<p>\n\t\t\t<span class=\"qtmplayer-tit\">RNA substitui \u201cTop dos Mais Queridos\u201d pelo \u201cTop-Angola, Pr\u00e9mios da M\u00fasica\u201d<\/span>\n\t\t\t<span class=\"qtmplayer-art\">Juliana Nunes<\/span>\n\t\t<\/p>\n\t<\/li>\n\t\t<\/ul>\n\t<\/div>\t\t\t\n\t\n<p>Adeus Top dos Mais Queridos, Adeus Top R\u00e1dio Luanda. Seja bem-vindo Top Angola- Pr\u00e9mios da M\u00fasica da R\u00e1dio Nacional de Angola.<\/p>\n\t<div class=\"qtmplayer-playlist-large\">\n\t\t<ul class=\"qtmplayer-playlist\">\n\t\t\t\n\t\t\t\t\t<li class=\"qtmplayer-trackitem\">\n\t\t<img src=\"https:\/\/rna.ao\/rna.ao\/wp-content\/uploads\/2025\/03\/IMG_1565-100x100.jpeg\" alt=\"cover\">\t\t<span \t\t\tdata-qtmplayer-cover=\"https:\/\/rna.ao\/rna.ao\/wp-content\/uploads\/2025\/03\/IMG_1565-370x370.jpeg\"\n\t\t\t\t\t\tdata-qtmplayer-file=\"https:\/\/rna.ao\/rna.ao\/wp-content\/uploads\/2025\/03\/TOP-ANGOLA-PREMIOS-DA-MUSICA-RNA2K25.mp3\"\n\t\t\t\t\t\tdata-qtmplayer-title=\"RNA substitui \u201cTop dos Mais Queridos\u201d pelo \u201cTop-Angola, Pr\u00e9mios da M\u00fasica\u201d\"\n\t\t\t\t\t\tdata-qtmplayer-artist=\"Juliana Nunes\"\n\t\t\t\t\t\tdata-qtmplayer-link=\"https:\/\/rna.ao\/rna.ao\/2025\/03\/21\/rna-substitui-top-dos-mais-queridos-pelo-top-angola-premios-da-musica\/\"\n\t\t\t\t\t\tdata-qtmplayer-icon=\"file_download\"\n\t\t\t\t\t\tdata-qtmplayer-type=\"track\"\n\t\t\t class=\"qtmplayer-play qtmplayer-link-sec qtmplayer-play-btn\"><i class='material-icons'>play_arrow<\/i><\/span>\n\t\t<p>\n\t\t\t<span class=\"qtmplayer-tit\">RNA substitui \u201cTop dos Mais Queridos\u201d pelo \u201cTop-Angola, Pr\u00e9mios da M\u00fasica\u201d<\/span>\n\t\t\t<span class=\"qtmplayer-art\">Juliana Nunes<\/span>\n\t\t<\/p>\n\t<\/li>\n\t\t<\/ul>\n\t<\/div>\t\t\t\n\t\n<p>&nbsp;<\/p>\n","protected":false},"excerpt":{"rendered":"<p>A R\u00e1dio Nacional de Angola vai passar a realizar, em outubro, o Top-Angola, Pr\u00e9mios da M\u00fasica. A primeira edi\u00e7\u00e3o acontece j\u00e1 este ano e coincide com os 50 anos de independ\u00eancia. O mais novo projecto da RNA de promo\u00e7\u00e3o da m\u00fasica angolana vem substituir o Top dos Mais Queridos. O ...<\/p>\n","protected":false},"author":16,"featured_media":171976,"comment_status":"closed","ping_status":"closed","sticky":false,"template":"","format":"standard","meta":[],"categories":[142,121,164,163],"tags":[],"_links":{"self":[{"href":"https:\/\/rna.ao\/rna.ao\/wp-json\/wp\/v2\/posts\/171972"}],"collection":[{"href":"https:\/\/rna.ao\/rna.ao\/wp-json\/wp\/v2\/posts"}],"about":[{"href":"https:\/\/rna.ao\/rna.ao\/wp-json\/wp\/v2\/types\/post"}],"author":[{"embeddable":true,"href":"https:\/\/rna.ao\/rna.ao\/wp-json\/wp\/v2\/users\/16"}],"replies":[{"embeddable":true,"href":"https:\/\/rna.ao\/rna.ao\/wp-json\/wp\/v2\/comments?post=171972"}],"version-history":[{"count":1,"href":"https:\/\/rna.ao\/rna.ao\/wp-json\/wp\/v2\/posts\/171972\/revisions"}],"predecessor-version":[{"id":171977,"href":"https:\/\/rna.ao\/rna.ao\/wp-json\/wp\/v2\/posts\/171972\/revisions\/171977"}],"wp:featuredmedia":[{"embeddable":true,"href":"https:\/\/rna.ao\/rna.ao\/wp-json\/wp\/v2\/media\/171976"}],"wp:attachment":[{"href":"https:\/\/rna.ao\/rna.ao\/wp-json\/wp\/v2\/media?parent=171972"}],"wp:term":[{"taxonomy":"category","embeddable":true,"href":"https:\/\/rna.ao\/rna.ao\/wp-json\/wp\/v2\/categories?post=171972"},{"taxonomy":"post_tag","embeddable":true,"href":"https:\/\/rna.ao\/rna.ao\/wp-json\/wp\/v2\/tags?post=171972"}],"curies":[{"name":"wp","href":"https:\/\/api.w.org\/{rel}","templated":true}]}}