{"id":17196,"date":"2021-02-12T09:10:45","date_gmt":"2021-02-12T08:10:45","guid":{"rendered":"https:\/\/rna.ao\/rna.ao\/?p=17196"},"modified":"2021-02-12T09:10:45","modified_gmt":"2021-02-12T08:10:45","slug":"adriano-docas-fala-sobre-sua-carreira-no-palco","status":"publish","type":"post","link":"https:\/\/rna.ao\/rna.ao\/2021\/02\/12\/adriano-docas-fala-sobre-sua-carreira-no-palco\/","title":{"rendered":"Adriano Docas fala sobre sua carreira no palco."},"content":{"rendered":"<p><img loading=\"lazy\" class=\"size-full wp-image-17199 alignleft\" src=\"https:\/\/rna.ao\/rna.ao\/wp-content\/uploads\/2021\/02\/Ndaka-Yo-Wini.jpg\" alt=\"\" width=\"285\" height=\"177\" \/>Ndaka Yo Wini, nome art\u00edstico de Adriano Docas \u00e9 o convidado para subir ao Palco de hoje na edi\u00e7\u00e3o em portugu\u00eas do canal internacional, nas frequ\u00eancias 101.4 e 104.6 no hor\u00e1rio das zero a uma (00:01) da madrugada. Acompanhe:<\/p>\n\t<div class=\"qtmplayer-playlist-large\">\n\t\t<ul class=\"qtmplayer-playlist\">\n\t\t\t\n\t\t\t\t\t<li class=\"qtmplayer-trackitem\">\n\t\t<img src=\"https:\/\/rna.ao\/rna.ao\/wp-content\/uploads\/2021\/02\/Ndaka-Yo-Wini-100x100.jpg\" alt=\"cover\">\t\t<span \t\t\tdata-qtmplayer-cover=\"https:\/\/rna.ao\/rna.ao\/wp-content\/uploads\/2021\/02\/Ndaka-Yo-Wini.jpg\"\n\t\t\t\t\t\tdata-qtmplayer-file=\"https:\/\/rna.ao\/rna.ao\/wp-content\/uploads\/2021\/02\/PECA-ISAAC-RESENDE-PALCO-NDAKA-12.02.2021.mp3\"\n\t\t\t\t\t\tdata-qtmplayer-title=\"Adriano Docas fala sobre sua carreira no palco.\"\n\t\t\t\t\t\tdata-qtmplayer-artist=\"RNA\"\n\t\t\t\t\t\tdata-qtmplayer-link=\"https:\/\/rna.ao\/rna.ao\/2021\/02\/12\/adriano-docas-fala-sobre-sua-carreira-no-palco\/\"\n\t\t\t\t\t\tdata-qtmplayer-icon=\"file_download\"\n\t\t\t\t\t\tdata-qtmplayer-type=\"track\"\n\t\t\t class=\"qtmplayer-play qtmplayer-link-sec qtmplayer-play-btn\"><i class='material-icons'>play_arrow<\/i><\/span>\n\t\t<p>\n\t\t\t<span class=\"qtmplayer-tit\">Adriano Docas fala sobre sua carreira no palco.<\/span>\n\t\t\t<span class=\"qtmplayer-art\">RNA<\/span>\n\t\t<\/p>\n\t<\/li>\n\t\t<\/ul>\n\t<\/div>\t\t\t\n\t\n","protected":false},"excerpt":{"rendered":"<p>Ndaka Yo Wini, nome art\u00edstico de Adriano Docas \u00e9 o convidado para subir ao Palco de hoje na edi\u00e7\u00e3o em portugu\u00eas do canal internacional, nas frequ\u00eancias 101.4 e 104.6 no hor\u00e1rio das zero a uma (00:01) da madrugada. Acompanhe:<\/p>\n","protected":false},"author":8,"featured_media":17199,"comment_status":"closed","ping_status":"closed","sticky":false,"template":"","format":"standard","meta":[],"categories":[143,137],"tags":[],"_links":{"self":[{"href":"https:\/\/rna.ao\/rna.ao\/wp-json\/wp\/v2\/posts\/17196"}],"collection":[{"href":"https:\/\/rna.ao\/rna.ao\/wp-json\/wp\/v2\/posts"}],"about":[{"href":"https:\/\/rna.ao\/rna.ao\/wp-json\/wp\/v2\/types\/post"}],"author":[{"embeddable":true,"href":"https:\/\/rna.ao\/rna.ao\/wp-json\/wp\/v2\/users\/8"}],"replies":[{"embeddable":true,"href":"https:\/\/rna.ao\/rna.ao\/wp-json\/wp\/v2\/comments?post=17196"}],"version-history":[{"count":1,"href":"https:\/\/rna.ao\/rna.ao\/wp-json\/wp\/v2\/posts\/17196\/revisions"}],"predecessor-version":[{"id":17200,"href":"https:\/\/rna.ao\/rna.ao\/wp-json\/wp\/v2\/posts\/17196\/revisions\/17200"}],"wp:featuredmedia":[{"embeddable":true,"href":"https:\/\/rna.ao\/rna.ao\/wp-json\/wp\/v2\/media\/17199"}],"wp:attachment":[{"href":"https:\/\/rna.ao\/rna.ao\/wp-json\/wp\/v2\/media?parent=17196"}],"wp:term":[{"taxonomy":"category","embeddable":true,"href":"https:\/\/rna.ao\/rna.ao\/wp-json\/wp\/v2\/categories?post=17196"},{"taxonomy":"post_tag","embeddable":true,"href":"https:\/\/rna.ao\/rna.ao\/wp-json\/wp\/v2\/tags?post=17196"}],"curies":[{"name":"wp","href":"https:\/\/api.w.org\/{rel}","templated":true}]}}