{"id":171955,"date":"2025-03-21T12:31:46","date_gmt":"2025-03-21T11:31:46","guid":{"rendered":"https:\/\/rna.ao\/rna.ao\/?p=171955"},"modified":"2025-03-21T12:31:46","modified_gmt":"2025-03-21T11:31:46","slug":"petro-de-luanda-e-1o-de-agosto-reencontram-se-hoje-em-duelo-de-titas-do-unitel-basket","status":"publish","type":"post","link":"https:\/\/rna.ao\/rna.ao\/2025\/03\/21\/petro-de-luanda-e-1o-de-agosto-reencontram-se-hoje-em-duelo-de-titas-do-unitel-basket\/","title":{"rendered":"Petro de Luanda e 1\u00ba de Agosto reencontram-se hoje em duelo de tit\u00e3s do Unitel Basket"},"content":{"rendered":"<p><img loading=\"lazy\" class=\"alignnone  wp-image-171956\" src=\"https:\/\/rna.ao\/rna.ao\/wp-content\/uploads\/2025\/03\/IMG_1545.jpeg\" alt=\"\" width=\"431\" height=\"425\" srcset=\"https:\/\/rna.ao\/rna.ao\/wp-content\/uploads\/2025\/03\/IMG_1545.jpeg 768w, https:\/\/rna.ao\/rna.ao\/wp-content\/uploads\/2025\/03\/IMG_1545-100x100.jpeg 100w\" sizes=\"(max-width: 431px) 100vw, 431px\" \/>1\u00ba de Agosto e Petro de Luanda voltam a defrontar-se em mais um cl\u00e1ssico da bola ao cesto no pa\u00eds e no continente.<\/p>\n<p>Os dois tit\u00e3s defrontam-se hoje \u00e0s 18 horas, no Pavilh\u00e3o principal da Cidadela Desportiva, em jogo da 3\u00aa jornada da fase do t\u00edtulo do Unitel Basket.<\/p>\n<p>Depois do duelo referente a 2\u00aa jornada desta segunda fase, vencido pelos militares.<\/p>\n<p>No Petro, precavido o treinador, S\u00e9rgio Valdeomillos Moreno, pensa n\u00e3o facilitar e desta vez vencer. Clique no \u00e1udio e ou\u00e7a:<\/p>\n\t<div class=\"qtmplayer-playlist-large\">\n\t\t<ul class=\"qtmplayer-playlist\">\n\t\t\t\n\t\t\t\t\t<li class=\"qtmplayer-trackitem\">\n\t\t<img src=\"https:\/\/rna.ao\/rna.ao\/wp-content\/uploads\/2025\/03\/IMG_1545-100x100.jpeg\" alt=\"cover\">\t\t<span \t\t\tdata-qtmplayer-cover=\"https:\/\/rna.ao\/rna.ao\/wp-content\/uploads\/2025\/03\/IMG_1545-370x370.jpeg\"\n\t\t\t\t\t\tdata-qtmplayer-file=\"https:\/\/rna.ao\/rna.ao\/wp-content\/uploads\/2025\/03\/P-J-6-SERGIO-MORENO-21-03-25.mp3\"\n\t\t\t\t\t\tdata-qtmplayer-title=\"Petro de Luanda e 1\u00ba de Agosto reencontram-se hoje em duelo de tit\u00e3s do Unitel Basket\"\n\t\t\t\t\t\tdata-qtmplayer-artist=\"Juliana Nunes\"\n\t\t\t\t\t\tdata-qtmplayer-link=\"https:\/\/rna.ao\/rna.ao\/2025\/03\/21\/petro-de-luanda-e-1o-de-agosto-reencontram-se-hoje-em-duelo-de-titas-do-unitel-basket\/\"\n\t\t\t\t\t\tdata-qtmplayer-icon=\"file_download\"\n\t\t\t\t\t\tdata-qtmplayer-type=\"track\"\n\t\t\t class=\"qtmplayer-play qtmplayer-link-sec qtmplayer-play-btn\"><i class='material-icons'>play_arrow<\/i><\/span>\n\t\t<p>\n\t\t\t<span class=\"qtmplayer-tit\">Petro de Luanda e 1\u00ba de Agosto reencontram-se hoje em duelo de tit\u00e3s do Unitel Basket<\/span>\n\t\t\t<span class=\"qtmplayer-art\">Juliana Nunes<\/span>\n\t\t<\/p>\n\t<\/li>\n\t\t<\/ul>\n\t<\/div>\t\t\t\n\t\n<p>Por sua vez, Lazar\u00ea Andingon\u00f4, o t\u00e9cnico principal do 1\u00ba D\u2019Agosto, n\u00e3o coloca de parte a possibilidade de voltar a jogar bem e vencer. Clique no \u00e1udio e ou\u00e7a:<\/p>\n\t<div class=\"qtmplayer-playlist-large\">\n\t\t<ul class=\"qtmplayer-playlist\">\n\t\t\t\n\t\t\t\t\t<li class=\"qtmplayer-trackitem\">\n\t\t<img src=\"https:\/\/rna.ao\/rna.ao\/wp-content\/uploads\/2025\/03\/IMG_1545-100x100.jpeg\" alt=\"cover\">\t\t<span \t\t\tdata-qtmplayer-cover=\"https:\/\/rna.ao\/rna.ao\/wp-content\/uploads\/2025\/03\/IMG_1545-370x370.jpeg\"\n\t\t\t\t\t\tdata-qtmplayer-file=\"https:\/\/rna.ao\/rna.ao\/wp-content\/uploads\/2025\/03\/P-J-7-LAZARE-ANDINGONOU-21-03-25.mp3\"\n\t\t\t\t\t\tdata-qtmplayer-title=\"Petro de Luanda e 1\u00ba de Agosto reencontram-se hoje em duelo de tit\u00e3s do Unitel Basket\"\n\t\t\t\t\t\tdata-qtmplayer-artist=\"Juliana Nunes\"\n\t\t\t\t\t\tdata-qtmplayer-link=\"https:\/\/rna.ao\/rna.ao\/2025\/03\/21\/petro-de-luanda-e-1o-de-agosto-reencontram-se-hoje-em-duelo-de-titas-do-unitel-basket\/\"\n\t\t\t\t\t\tdata-qtmplayer-icon=\"file_download\"\n\t\t\t\t\t\tdata-qtmplayer-type=\"track\"\n\t\t\t class=\"qtmplayer-play qtmplayer-link-sec qtmplayer-play-btn\"><i class='material-icons'>play_arrow<\/i><\/span>\n\t\t<p>\n\t\t\t<span class=\"qtmplayer-tit\">Petro de Luanda e 1\u00ba de Agosto reencontram-se hoje em duelo de tit\u00e3s do Unitel Basket<\/span>\n\t\t\t<span class=\"qtmplayer-art\">Juliana Nunes<\/span>\n\t\t<\/p>\n\t<\/li>\n\t\t<\/ul>\n\t<\/div>\t\t\t\n\t\n<p>As duas equipas voltar\u00e3o a encontrar-se desta para os quartos de final da edi\u00e7\u00e3o 47 da Ta\u00e7a de Angola, com a 1\u00aa m\u00e3o marcada para o dia 29 de mar\u00e7o e a 2\u00aa, a 1 de abril.<\/p>\n<p>Outros jogos destes quartos de final:<br \/>\nVila Clotilde B &#8211; Interclube; Sporting de Luanda &#8211; Casa do Pessoal do Porto do Lobito;<br \/>\nClube Amigos de Benguela &#8211; Vila Clotilde.<\/p>\n","protected":false},"excerpt":{"rendered":"<p>1\u00ba de Agosto e Petro de Luanda voltam a defrontar-se em mais um cl\u00e1ssico da bola ao cesto no pa\u00eds e no continente. Os dois tit\u00e3s defrontam-se hoje \u00e0s 18 horas, no Pavilh\u00e3o principal da Cidadela Desportiva, em jogo da 3\u00aa jornada da fase do t\u00edtulo do Unitel Basket. Depois ...<\/p>\n","protected":false},"author":16,"featured_media":171956,"comment_status":"closed","ping_status":"closed","sticky":false,"template":"","format":"standard","meta":[],"categories":[145,125],"tags":[],"_links":{"self":[{"href":"https:\/\/rna.ao\/rna.ao\/wp-json\/wp\/v2\/posts\/171955"}],"collection":[{"href":"https:\/\/rna.ao\/rna.ao\/wp-json\/wp\/v2\/posts"}],"about":[{"href":"https:\/\/rna.ao\/rna.ao\/wp-json\/wp\/v2\/types\/post"}],"author":[{"embeddable":true,"href":"https:\/\/rna.ao\/rna.ao\/wp-json\/wp\/v2\/users\/16"}],"replies":[{"embeddable":true,"href":"https:\/\/rna.ao\/rna.ao\/wp-json\/wp\/v2\/comments?post=171955"}],"version-history":[{"count":1,"href":"https:\/\/rna.ao\/rna.ao\/wp-json\/wp\/v2\/posts\/171955\/revisions"}],"predecessor-version":[{"id":171961,"href":"https:\/\/rna.ao\/rna.ao\/wp-json\/wp\/v2\/posts\/171955\/revisions\/171961"}],"wp:featuredmedia":[{"embeddable":true,"href":"https:\/\/rna.ao\/rna.ao\/wp-json\/wp\/v2\/media\/171956"}],"wp:attachment":[{"href":"https:\/\/rna.ao\/rna.ao\/wp-json\/wp\/v2\/media?parent=171955"}],"wp:term":[{"taxonomy":"category","embeddable":true,"href":"https:\/\/rna.ao\/rna.ao\/wp-json\/wp\/v2\/categories?post=171955"},{"taxonomy":"post_tag","embeddable":true,"href":"https:\/\/rna.ao\/rna.ao\/wp-json\/wp\/v2\/tags?post=171955"}],"curies":[{"name":"wp","href":"https:\/\/api.w.org\/{rel}","templated":true}]}}