{"id":17189,"date":"2021-02-12T08:59:18","date_gmt":"2021-02-12T07:59:18","guid":{"rendered":"https:\/\/rna.ao\/rna.ao\/?p=17189"},"modified":"2021-02-12T08:59:18","modified_gmt":"2021-02-12T07:59:18","slug":"il-y-a-beaucoup-devolution-dans-le-domaine-de-linvestissement-prive-en-angola","status":"publish","type":"post","link":"https:\/\/rna.ao\/rna.ao\/2021\/02\/12\/il-y-a-beaucoup-devolution-dans-le-domaine-de-linvestissement-prive-en-angola\/","title":{"rendered":"Il y a beaucoup d\u2019\u00e9volution dans le domaine de l\u2019investissement priv\u00e9 en Angola."},"content":{"rendered":"<p><img loading=\"lazy\" class=\"size-full wp-image-17190 alignleft\" src=\"https:\/\/rna.ao\/rna.ao\/wp-content\/uploads\/2021\/02\/Negocios.jpg\" alt=\"\" width=\"247\" height=\"154\" \/>Il y a beaucoup d\u2019\u00e9volution dans le domaine de l\u2019investissement priv\u00e9 en Angola.<\/p>\n<p>L\u2019ouverture d\u2019abord de la possibilit\u00e9 aux \u00e9trangers de pouvoir ouvrir leurs entreprises,s\u2019il n\u2019avait pas la covid,\u00e7a serait un poumon d\u2019oxyg\u00e9ne,a d\u00e9clar\u00e9 le conseiller des fran\u00e7ais \u00e0 l\u2019\u00e9tranger,Avraham Benhaim.<\/p>\n\t<div class=\"qtmplayer-playlist-large\">\n\t\t<ul class=\"qtmplayer-playlist\">\n\t\t\t\n\t\t\t\t\t<li class=\"qtmplayer-trackitem\">\n\t\t<img src=\"https:\/\/rna.ao\/rna.ao\/wp-content\/uploads\/2021\/02\/Negocios-100x100.jpg\" alt=\"cover\">\t\t<span \t\t\tdata-qtmplayer-cover=\"https:\/\/rna.ao\/rna.ao\/wp-content\/uploads\/2021\/02\/Negocios.jpg\"\n\t\t\t\t\t\tdata-qtmplayer-file=\"https:\/\/rna.ao\/rna.ao\/wp-content\/uploads\/2021\/02\/AVRAHAM-BENHAIM-.mp3\"\n\t\t\t\t\t\tdata-qtmplayer-title=\"Il y a beaucoup d\u2019\u00e9volution dans le domaine de l\u2019investissement priv\u00e9 en Angola.\"\n\t\t\t\t\t\tdata-qtmplayer-artist=\"RNA\"\n\t\t\t\t\t\tdata-qtmplayer-link=\"https:\/\/rna.ao\/rna.ao\/2021\/02\/12\/il-y-a-beaucoup-devolution-dans-le-domaine-de-linvestissement-prive-en-angola\/\"\n\t\t\t\t\t\tdata-qtmplayer-icon=\"file_download\"\n\t\t\t\t\t\tdata-qtmplayer-type=\"track\"\n\t\t\t class=\"qtmplayer-play qtmplayer-link-sec qtmplayer-play-btn\"><i class='material-icons'>play_arrow<\/i><\/span>\n\t\t<p>\n\t\t\t<span class=\"qtmplayer-tit\">Il y a beaucoup d\u2019\u00e9volution dans le domaine de l\u2019investissement priv\u00e9 en Angola.<\/span>\n\t\t\t<span class=\"qtmplayer-art\">RNA<\/span>\n\t\t<\/p>\n\t<\/li>\n\t\t<\/ul>\n\t<\/div>\t\t\t\n\t\n<p>&nbsp;<\/p>\n","protected":false},"excerpt":{"rendered":"<p>Il y a beaucoup d\u2019\u00e9volution dans le domaine de l\u2019investissement priv\u00e9 en Angola. L\u2019ouverture d\u2019abord de la possibilit\u00e9 aux \u00e9trangers de pouvoir ouvrir leurs entreprises,s\u2019il n\u2019avait pas la covid,\u00e7a serait un poumon d\u2019oxyg\u00e9ne,a d\u00e9clar\u00e9 le conseiller des fran\u00e7ais \u00e0 l\u2019\u00e9tranger,Avraham Benhaim. &nbsp;<\/p>\n","protected":false},"author":8,"featured_media":17190,"comment_status":"closed","ping_status":"closed","sticky":false,"template":"","format":"standard","meta":[],"categories":[143,137],"tags":[],"_links":{"self":[{"href":"https:\/\/rna.ao\/rna.ao\/wp-json\/wp\/v2\/posts\/17189"}],"collection":[{"href":"https:\/\/rna.ao\/rna.ao\/wp-json\/wp\/v2\/posts"}],"about":[{"href":"https:\/\/rna.ao\/rna.ao\/wp-json\/wp\/v2\/types\/post"}],"author":[{"embeddable":true,"href":"https:\/\/rna.ao\/rna.ao\/wp-json\/wp\/v2\/users\/8"}],"replies":[{"embeddable":true,"href":"https:\/\/rna.ao\/rna.ao\/wp-json\/wp\/v2\/comments?post=17189"}],"version-history":[{"count":1,"href":"https:\/\/rna.ao\/rna.ao\/wp-json\/wp\/v2\/posts\/17189\/revisions"}],"predecessor-version":[{"id":17192,"href":"https:\/\/rna.ao\/rna.ao\/wp-json\/wp\/v2\/posts\/17189\/revisions\/17192"}],"wp:featuredmedia":[{"embeddable":true,"href":"https:\/\/rna.ao\/rna.ao\/wp-json\/wp\/v2\/media\/17190"}],"wp:attachment":[{"href":"https:\/\/rna.ao\/rna.ao\/wp-json\/wp\/v2\/media?parent=17189"}],"wp:term":[{"taxonomy":"category","embeddable":true,"href":"https:\/\/rna.ao\/rna.ao\/wp-json\/wp\/v2\/categories?post=17189"},{"taxonomy":"post_tag","embeddable":true,"href":"https:\/\/rna.ao\/rna.ao\/wp-json\/wp\/v2\/tags?post=17189"}],"curies":[{"name":"wp","href":"https:\/\/api.w.org\/{rel}","templated":true}]}}