{"id":17164,"date":"2021-02-12T06:21:14","date_gmt":"2021-02-12T05:21:14","guid":{"rendered":"https:\/\/rna.ao\/rna.ao\/?p=17164"},"modified":"2021-02-12T07:38:26","modified_gmt":"2021-02-12T06:38:26","slug":"sonangol-espera-encaixar-30-mil-milhoes-de-kwanzas-com-venda-de-activos-este-ano","status":"publish","type":"post","link":"https:\/\/rna.ao\/rna.ao\/2021\/02\/12\/sonangol-espera-encaixar-30-mil-milhoes-de-kwanzas-com-venda-de-activos-este-ano\/","title":{"rendered":"Sonangol espera encaixar 30 mil milh\u00f5es de Kwanzas com venda de activos este ano"},"content":{"rendered":"<p><img loading=\"lazy\" class=\"size-full wp-image-8339 alignleft\" src=\"https:\/\/rna.ao\/rna.ao\/wp-content\/uploads\/2020\/10\/Sonangol-1-1.jpg\" alt=\"\" width=\"350\" height=\"250\" \/>A Sonangol espera encaixar perto de trinta mil milh\u00f5es de Kwanzas, com a venda e desinvestimento em treze activos este ano.<\/p>\n<p>Entre as empresas e participa\u00e7\u00f5es a serem vendidas e desinvestidas, est\u00e3o algumas nacionais e estrangeiras com realce para a base do Kwanza, e a participa\u00e7\u00e3o na petrol\u00edfera santomense.<\/p>\n<p>De acordo com o director da Direc\u00e7\u00e3o de Gest\u00e3o de participa\u00e7\u00f5es Financeiras da Unidade de neg\u00f3cios n\u00e3o nucleares da Sonangol, Bruno Henriques, os primeiros activos come\u00e7am a ser vendidos j\u00e1 no in\u00edcio do segundo trimestre deste ano. Clique no \u00e1udio e ou\u00e7a:<\/p>\n\t<div class=\"qtmplayer-playlist-large\">\n\t\t<ul class=\"qtmplayer-playlist\">\n\t\t\t\n\t\t\t\t\t<li class=\"qtmplayer-trackitem\">\n\t\t<img src=\"https:\/\/rna.ao\/rna.ao\/wp-content\/uploads\/2020\/10\/Sonangol-100x100.jpg\" alt=\"cover\">\t\t<span \t\t\tdata-qtmplayer-cover=\"https:\/\/rna.ao\/rna.ao\/wp-content\/uploads\/2020\/10\/Sonangol.jpg\"\n\t\t\t\t\t\tdata-qtmplayer-file=\"https:\/\/rna.ao\/rna.ao\/wp-content\/uploads\/2021\/02\/BRUNO-HENRIQUES-07HRS.mp3\"\n\t\t\t\t\t\tdata-qtmplayer-title=\"Sonangol espera encaixar 30 mil milh\u00f5es de Kwanzas com venda de activos este ano\"\n\t\t\t\t\t\tdata-qtmplayer-artist=\"RNA\"\n\t\t\t\t\t\tdata-qtmplayer-link=\"https:\/\/rna.ao\/rna.ao\/2021\/02\/12\/sonangol-espera-encaixar-30-mil-milhoes-de-kwanzas-com-venda-de-activos-este-ano\/\"\n\t\t\t\t\t\tdata-qtmplayer-icon=\"file_download\"\n\t\t\t\t\t\tdata-qtmplayer-type=\"track\"\n\t\t\t class=\"qtmplayer-play qtmplayer-link-sec qtmplayer-play-btn\"><i class='material-icons'>play_arrow<\/i><\/span>\n\t\t<p>\n\t\t\t<span class=\"qtmplayer-tit\">Sonangol espera encaixar 30 mil milh\u00f5es de Kwanzas com venda de activos este ano<\/span>\n\t\t\t<span class=\"qtmplayer-art\">RNA<\/span>\n\t\t<\/p>\n\t<\/li>\n\t\t<\/ul>\n\t<\/div>\t\t\t\n\t\n<p>A venda e o desinvestimento em alguns activos, por parte da Sonangol, mereceu j\u00e1 a nota positiva do especialista em mercado de petr\u00f3leos, Inoc\u00eancio das Neves, que lamenta o facto de o processo estar a decorrer num momento menos bom da nossa economia. Clique e ou\u00e7a. abaixo:<\/p>\n\t<div class=\"qtmplayer-playlist-large\">\n\t\t<ul class=\"qtmplayer-playlist\">\n\t\t\t\n\t\t\t\t\t<li class=\"qtmplayer-trackitem\">\n\t\t<img src=\"https:\/\/rna.ao\/rna.ao\/wp-content\/uploads\/2020\/10\/Sonangol-100x100.jpg\" alt=\"cover\">\t\t<span \t\t\tdata-qtmplayer-cover=\"https:\/\/rna.ao\/rna.ao\/wp-content\/uploads\/2020\/10\/Sonangol.jpg\"\n\t\t\t\t\t\tdata-qtmplayer-file=\"https:\/\/rna.ao\/rna.ao\/wp-content\/uploads\/2021\/02\/INOCENCIO-DAS-NEVES-07HRS.mp3\"\n\t\t\t\t\t\tdata-qtmplayer-title=\"Sonangol espera encaixar 30 mil milh\u00f5es de Kwanzas com venda de activos este ano\"\n\t\t\t\t\t\tdata-qtmplayer-artist=\"RNA\"\n\t\t\t\t\t\tdata-qtmplayer-link=\"https:\/\/rna.ao\/rna.ao\/2021\/02\/12\/sonangol-espera-encaixar-30-mil-milhoes-de-kwanzas-com-venda-de-activos-este-ano\/\"\n\t\t\t\t\t\tdata-qtmplayer-icon=\"file_download\"\n\t\t\t\t\t\tdata-qtmplayer-type=\"track\"\n\t\t\t class=\"qtmplayer-play qtmplayer-link-sec qtmplayer-play-btn\"><i class='material-icons'>play_arrow<\/i><\/span>\n\t\t<p>\n\t\t\t<span class=\"qtmplayer-tit\">Sonangol espera encaixar 30 mil milh\u00f5es de Kwanzas com venda de activos este ano<\/span>\n\t\t\t<span class=\"qtmplayer-art\">RNA<\/span>\n\t\t<\/p>\n\t<\/li>\n\t\t<\/ul>\n\t<\/div>\t\t\t\n\t\n<p>E o economista, Ant\u00f3nio Estote, entende que esta n\u00e3o \u00e9 a altura certa para que a Sonangol se descarte de alguns dos seus activos, e defende a cria\u00e7\u00e3o de uma pol\u00edtica nacional de desinvestimento e investimento. Clique no \u00e1udio e ou\u00e7a:<\/p>\n\t<div class=\"qtmplayer-playlist-large\">\n\t\t<ul class=\"qtmplayer-playlist\">\n\t\t\t\n\t\t\t\t\t<li class=\"qtmplayer-trackitem\">\n\t\t<img src=\"https:\/\/rna.ao\/rna.ao\/wp-content\/uploads\/2020\/10\/Sonangol-100x100.jpg\" alt=\"cover\">\t\t<span \t\t\tdata-qtmplayer-cover=\"https:\/\/rna.ao\/rna.ao\/wp-content\/uploads\/2020\/10\/Sonangol.jpg\"\n\t\t\t\t\t\tdata-qtmplayer-file=\"https:\/\/rna.ao\/rna.ao\/wp-content\/uploads\/2021\/02\/ANTONIO-ESTOTE-07HRS.mp3\"\n\t\t\t\t\t\tdata-qtmplayer-title=\"Sonangol espera encaixar 30 mil milh\u00f5es de Kwanzas com venda de activos este ano\"\n\t\t\t\t\t\tdata-qtmplayer-artist=\"RNA\"\n\t\t\t\t\t\tdata-qtmplayer-link=\"https:\/\/rna.ao\/rna.ao\/2021\/02\/12\/sonangol-espera-encaixar-30-mil-milhoes-de-kwanzas-com-venda-de-activos-este-ano\/\"\n\t\t\t\t\t\tdata-qtmplayer-icon=\"file_download\"\n\t\t\t\t\t\tdata-qtmplayer-type=\"track\"\n\t\t\t class=\"qtmplayer-play qtmplayer-link-sec qtmplayer-play-btn\"><i class='material-icons'>play_arrow<\/i><\/span>\n\t\t<p>\n\t\t\t<span class=\"qtmplayer-tit\">Sonangol espera encaixar 30 mil milh\u00f5es de Kwanzas com venda de activos este ano<\/span>\n\t\t\t<span class=\"qtmplayer-art\">RNA<\/span>\n\t\t<\/p>\n\t<\/li>\n\t\t<\/ul>\n\t<\/div>\t\t\t\n\t\n<p>Fonte: RNA<\/p>\n","protected":false},"excerpt":{"rendered":"<p>A Sonangol espera encaixar perto de trinta mil milh\u00f5es de Kwanzas, com a venda e desinvestimento em treze activos este ano. Entre as empresas e participa\u00e7\u00f5es a serem vendidas e desinvestidas, est\u00e3o algumas nacionais e estrangeiras com realce para a base do Kwanza, e a participa\u00e7\u00e3o na petrol\u00edfera santomense. De ...<\/p>\n","protected":false},"author":8,"featured_media":8338,"comment_status":"closed","ping_status":"closed","sticky":false,"template":"","format":"standard","meta":[],"categories":[121,164],"tags":[],"_links":{"self":[{"href":"https:\/\/rna.ao\/rna.ao\/wp-json\/wp\/v2\/posts\/17164"}],"collection":[{"href":"https:\/\/rna.ao\/rna.ao\/wp-json\/wp\/v2\/posts"}],"about":[{"href":"https:\/\/rna.ao\/rna.ao\/wp-json\/wp\/v2\/types\/post"}],"author":[{"embeddable":true,"href":"https:\/\/rna.ao\/rna.ao\/wp-json\/wp\/v2\/users\/8"}],"replies":[{"embeddable":true,"href":"https:\/\/rna.ao\/rna.ao\/wp-json\/wp\/v2\/comments?post=17164"}],"version-history":[{"count":1,"href":"https:\/\/rna.ao\/rna.ao\/wp-json\/wp\/v2\/posts\/17164\/revisions"}],"predecessor-version":[{"id":17168,"href":"https:\/\/rna.ao\/rna.ao\/wp-json\/wp\/v2\/posts\/17164\/revisions\/17168"}],"wp:featuredmedia":[{"embeddable":true,"href":"https:\/\/rna.ao\/rna.ao\/wp-json\/wp\/v2\/media\/8338"}],"wp:attachment":[{"href":"https:\/\/rna.ao\/rna.ao\/wp-json\/wp\/v2\/media?parent=17164"}],"wp:term":[{"taxonomy":"category","embeddable":true,"href":"https:\/\/rna.ao\/rna.ao\/wp-json\/wp\/v2\/categories?post=17164"},{"taxonomy":"post_tag","embeddable":true,"href":"https:\/\/rna.ao\/rna.ao\/wp-json\/wp\/v2\/tags?post=17164"}],"curies":[{"name":"wp","href":"https:\/\/api.w.org\/{rel}","templated":true}]}}