{"id":171629,"date":"2025-03-19T07:55:18","date_gmt":"2025-03-19T06:55:18","guid":{"rendered":"https:\/\/rna.ao\/rna.ao\/?p=171629"},"modified":"2025-03-19T07:56:21","modified_gmt":"2025-03-19T06:56:21","slug":"palancas-negras-ja-no-palco-do-jogo-frente-a-libia-nesta-quinta-feira","status":"publish","type":"post","link":"https:\/\/rna.ao\/rna.ao\/2025\/03\/19\/palancas-negras-ja-no-palco-do-jogo-frente-a-libia-nesta-quinta-feira\/","title":{"rendered":"Palancas Negras j\u00e1 no palco do jogo desta quinta-feira frente a L\u00edbia"},"content":{"rendered":"<p><img loading=\"lazy\" class=\"alignnone size-medium wp-image-171630\" src=\"https:\/\/rna.ao\/rna.ao\/wp-content\/uploads\/2025\/03\/IMG_1461-578x770.jpeg\" alt=\"\" width=\"578\" height=\"770\" srcset=\"https:\/\/rna.ao\/rna.ao\/wp-content\/uploads\/2025\/03\/IMG_1461-578x770.jpeg 578w, https:\/\/rna.ao\/rna.ao\/wp-content\/uploads\/2025\/03\/IMG_1461-878x1170.jpeg 878w, https:\/\/rna.ao\/rna.ao\/wp-content\/uploads\/2025\/03\/IMG_1461-768x1024.jpeg 768w, https:\/\/rna.ao\/rna.ao\/wp-content\/uploads\/2025\/03\/IMG_1461.jpeg 960w\" sizes=\"(max-width: 578px) 100vw, 578px\" \/>A selec\u00e7\u00e3o nacional j\u00e1 est\u00e1 em Benghazi, L\u00edbia, palco do jogo frente a L\u00edbia nesta quinta\u2013feira, 20 de mar\u00e7o, \u00e0s 20h00 no Est\u00e1dio M\u00e1rtires de Benina.<\/p>\n<p>O duelo \u00e9 referente a 5\u00aa ronda do Grupo B qualificativo ao Mundial 2026 na Am\u00e9rica do Norte, precisamente nos Estados Unidos, Canad\u00e1 e M\u00e9xico.<\/p>\n<p>O combinado nacional est\u00e1 focado no objectivo apesar da altera\u00e7\u00e3o da forma de jogar do advers\u00e1rio agora sob comando do senegal\u00eas, Aliou Ciss\u00e9.<\/p>\n<p>Quem o diz \u00e9 o seleccionador, Pedro Gon\u00e7alves. Clique no \u00e1udio e ou\u00e7a:<\/p>\n\t<div class=\"qtmplayer-playlist-large\">\n\t\t<ul class=\"qtmplayer-playlist\">\n\t\t\t\n\t\t\t\t\t<li class=\"qtmplayer-trackitem\">\n\t\t<img src=\"https:\/\/rna.ao\/rna.ao\/wp-content\/uploads\/2025\/03\/IMG_1460-100x100.jpeg\" alt=\"cover\">\t\t<span \t\t\tdata-qtmplayer-cover=\"https:\/\/rna.ao\/rna.ao\/wp-content\/uploads\/2025\/03\/IMG_1460-370x370.jpeg\"\n\t\t\t\t\t\tdata-qtmplayer-file=\"https:\/\/rna.ao\/rna.ao\/wp-content\/uploads\/2025\/03\/P-J-1-PEDRO-GONCALVES-19-03-25.mp3\"\n\t\t\t\t\t\tdata-qtmplayer-title=\"Palancas Negras j\u00e1 no palco do jogo desta quinta-feira frente a L\u00edbia\"\n\t\t\t\t\t\tdata-qtmplayer-artist=\"Juliana Nunes\"\n\t\t\t\t\t\tdata-qtmplayer-link=\"https:\/\/rna.ao\/rna.ao\/2025\/03\/19\/palancas-negras-ja-no-palco-do-jogo-frente-a-libia-nesta-quinta-feira\/\"\n\t\t\t\t\t\tdata-qtmplayer-icon=\"file_download\"\n\t\t\t\t\t\tdata-qtmplayer-type=\"track\"\n\t\t\t class=\"qtmplayer-play qtmplayer-link-sec qtmplayer-play-btn\"><i class='material-icons'>play_arrow<\/i><\/span>\n\t\t<p>\n\t\t\t<span class=\"qtmplayer-tit\">Palancas Negras j\u00e1 no palco do jogo desta quinta-feira frente a L\u00edbia<\/span>\n\t\t\t<span class=\"qtmplayer-art\">Juliana Nunes<\/span>\n\t\t<\/p>\n\t<\/li>\n\t\t<\/ul>\n\t<\/div>\t\t\t\n\t\n<p>Na Lunda Sul os homens do futebol est\u00e3o atentos a presta\u00e7\u00e3o dos Palancas Negras.<\/p>\n<p>Hermenegildo Coelho \u201cChibuab\u00faa\u201d, gestor do Est\u00e1dio das Mangueiras est\u00e1 confiante num bom resultado em territ\u00f3rio l\u00edbio. Clique no \u00e1udio e ou\u00e7a:<\/p>\n\t<div class=\"qtmplayer-playlist-large\">\n\t\t<ul class=\"qtmplayer-playlist\">\n\t\t\t\n\t\t\t\t\t<li class=\"qtmplayer-trackitem\">\n\t\t<img src=\"https:\/\/rna.ao\/rna.ao\/wp-content\/uploads\/2025\/03\/IMG_1460-100x100.jpeg\" alt=\"cover\">\t\t<span \t\t\tdata-qtmplayer-cover=\"https:\/\/rna.ao\/rna.ao\/wp-content\/uploads\/2025\/03\/IMG_1460-370x370.jpeg\"\n\t\t\t\t\t\tdata-qtmplayer-file=\"https:\/\/rna.ao\/rna.ao\/wp-content\/uploads\/2025\/03\/P-J-2-HERMENEGILDO-COELHO-TCHIBUABUA-19-03-25.mp3\"\n\t\t\t\t\t\tdata-qtmplayer-title=\"Palancas Negras j\u00e1 no palco do jogo desta quinta-feira frente a L\u00edbia\"\n\t\t\t\t\t\tdata-qtmplayer-artist=\"Juliana Nunes\"\n\t\t\t\t\t\tdata-qtmplayer-link=\"https:\/\/rna.ao\/rna.ao\/2025\/03\/19\/palancas-negras-ja-no-palco-do-jogo-frente-a-libia-nesta-quinta-feira\/\"\n\t\t\t\t\t\tdata-qtmplayer-icon=\"file_download\"\n\t\t\t\t\t\tdata-qtmplayer-type=\"track\"\n\t\t\t class=\"qtmplayer-play qtmplayer-link-sec qtmplayer-play-btn\"><i class='material-icons'>play_arrow<\/i><\/span>\n\t\t<p>\n\t\t\t<span class=\"qtmplayer-tit\">Palancas Negras j\u00e1 no palco do jogo desta quinta-feira frente a L\u00edbia<\/span>\n\t\t\t<span class=\"qtmplayer-art\">Juliana Nunes<\/span>\n\t\t<\/p>\n\t<\/li>\n\t\t<\/ul>\n\t<\/div>\t\t\t\n\t\n<p>Fl\u00e1vio Amado, que marcou o \u00fanico golo de Angola numa Copa do Mundo em 2006 na Alemanha, espera que os Palancas Negras derrotem a L\u00edbia. Clique no \u00e1udio e ou\u00e7a:<\/p>\n\t<div class=\"qtmplayer-playlist-large\">\n\t\t<ul class=\"qtmplayer-playlist\">\n\t\t\t\n\t\t\t\t\t<li class=\"qtmplayer-trackitem\">\n\t\t<img src=\"https:\/\/rna.ao\/rna.ao\/wp-content\/uploads\/2025\/03\/IMG_1460-100x100.jpeg\" alt=\"cover\">\t\t<span \t\t\tdata-qtmplayer-cover=\"https:\/\/rna.ao\/rna.ao\/wp-content\/uploads\/2025\/03\/IMG_1460-370x370.jpeg\"\n\t\t\t\t\t\tdata-qtmplayer-file=\"https:\/\/rna.ao\/rna.ao\/wp-content\/uploads\/2025\/03\/P-J-3-FLAVIO-AMADO-19-03-25.mp3\"\n\t\t\t\t\t\tdata-qtmplayer-title=\"Palancas Negras j\u00e1 no palco do jogo desta quinta-feira frente a L\u00edbia\"\n\t\t\t\t\t\tdata-qtmplayer-artist=\"Juliana Nunes\"\n\t\t\t\t\t\tdata-qtmplayer-link=\"https:\/\/rna.ao\/rna.ao\/2025\/03\/19\/palancas-negras-ja-no-palco-do-jogo-frente-a-libia-nesta-quinta-feira\/\"\n\t\t\t\t\t\tdata-qtmplayer-icon=\"file_download\"\n\t\t\t\t\t\tdata-qtmplayer-type=\"track\"\n\t\t\t class=\"qtmplayer-play qtmplayer-link-sec qtmplayer-play-btn\"><i class='material-icons'>play_arrow<\/i><\/span>\n\t\t<p>\n\t\t\t<span class=\"qtmplayer-tit\">Palancas Negras j\u00e1 no palco do jogo desta quinta-feira frente a L\u00edbia<\/span>\n\t\t\t<span class=\"qtmplayer-art\">Juliana Nunes<\/span>\n\t\t<\/p>\n\t<\/li>\n\t\t<\/ul>\n\t<\/div>\t\t\t\n\t\n<p>Na 5\u00aa ronda do Grupo D al\u00e9m da partida entre Cavaleiros do Mediterr\u00e2neo e Palancas Negras \u00e0s 20h00 desta quinta-feira, tamb\u00e9m medem for\u00e7as hoje as 17h00 Eswatini \u2013 Camar\u00f5es; e amanh\u00e3 defrontam-se Cabo Verde \u2013 Ilhas Maur\u00edcias as 17h00.<\/p>\n<p>Nesta altura, Angola \u00e9 4\u00aa do Grupo D com 6 pontos, os Camar\u00f5es comandam a S\u00e9rie com 8 pontos seguidos pela L\u00edbia e Cabo Verde com 7 pontos cada.<\/p>\n","protected":false},"excerpt":{"rendered":"<p>A selec\u00e7\u00e3o nacional j\u00e1 est\u00e1 em Benghazi, L\u00edbia, palco do jogo frente a L\u00edbia nesta quinta\u2013feira, 20 de mar\u00e7o, \u00e0s 20h00 no Est\u00e1dio M\u00e1rtires de Benina. O duelo \u00e9 referente a 5\u00aa ronda do Grupo B qualificativo ao Mundial 2026 na Am\u00e9rica do Norte, precisamente nos Estados Unidos, Canad\u00e1 e ...<\/p>\n","protected":false},"author":16,"featured_media":171634,"comment_status":"closed","ping_status":"closed","sticky":false,"template":"","format":"standard","meta":[],"categories":[145,125],"tags":[],"_links":{"self":[{"href":"https:\/\/rna.ao\/rna.ao\/wp-json\/wp\/v2\/posts\/171629"}],"collection":[{"href":"https:\/\/rna.ao\/rna.ao\/wp-json\/wp\/v2\/posts"}],"about":[{"href":"https:\/\/rna.ao\/rna.ao\/wp-json\/wp\/v2\/types\/post"}],"author":[{"embeddable":true,"href":"https:\/\/rna.ao\/rna.ao\/wp-json\/wp\/v2\/users\/16"}],"replies":[{"embeddable":true,"href":"https:\/\/rna.ao\/rna.ao\/wp-json\/wp\/v2\/comments?post=171629"}],"version-history":[{"count":2,"href":"https:\/\/rna.ao\/rna.ao\/wp-json\/wp\/v2\/posts\/171629\/revisions"}],"predecessor-version":[{"id":171636,"href":"https:\/\/rna.ao\/rna.ao\/wp-json\/wp\/v2\/posts\/171629\/revisions\/171636"}],"wp:featuredmedia":[{"embeddable":true,"href":"https:\/\/rna.ao\/rna.ao\/wp-json\/wp\/v2\/media\/171634"}],"wp:attachment":[{"href":"https:\/\/rna.ao\/rna.ao\/wp-json\/wp\/v2\/media?parent=171629"}],"wp:term":[{"taxonomy":"category","embeddable":true,"href":"https:\/\/rna.ao\/rna.ao\/wp-json\/wp\/v2\/categories?post=171629"},{"taxonomy":"post_tag","embeddable":true,"href":"https:\/\/rna.ao\/rna.ao\/wp-json\/wp\/v2\/tags?post=171629"}],"curies":[{"name":"wp","href":"https:\/\/api.w.org\/{rel}","templated":true}]}}