{"id":171608,"date":"2025-03-18T22:16:02","date_gmt":"2025-03-18T21:16:02","guid":{"rendered":"https:\/\/rna.ao\/rna.ao\/?p=171608"},"modified":"2025-03-18T22:16:02","modified_gmt":"2025-03-18T21:16:02","slug":"angola-reforca-cooperacao-com-a-uniao-africana-em-infraestruturas-e-energia","status":"publish","type":"post","link":"https:\/\/rna.ao\/rna.ao\/2025\/03\/18\/angola-reforca-cooperacao-com-a-uniao-africana-em-infraestruturas-e-energia\/","title":{"rendered":"Angola Refor\u00e7a Coopera\u00e7\u00e3o com a Uni\u00e3o Africana em Infraestruturas e Energia"},"content":{"rendered":"<p><img loading=\"lazy\" class=\"alignnone size-medium wp-image-171609\" src=\"https:\/\/rna.ao\/rna.ao\/wp-content\/uploads\/2025\/03\/c37e4e71-5012-4bbf-973f-ec7d08fb3019-770x456.jpeg\" alt=\"\" width=\"770\" height=\"456\" srcset=\"https:\/\/rna.ao\/rna.ao\/wp-content\/uploads\/2025\/03\/c37e4e71-5012-4bbf-973f-ec7d08fb3019-770x456.jpeg 770w, https:\/\/rna.ao\/rna.ao\/wp-content\/uploads\/2025\/03\/c37e4e71-5012-4bbf-973f-ec7d08fb3019-1170x693.jpeg 1170w, https:\/\/rna.ao\/rna.ao\/wp-content\/uploads\/2025\/03\/c37e4e71-5012-4bbf-973f-ec7d08fb3019-768x455.jpeg 768w, https:\/\/rna.ao\/rna.ao\/wp-content\/uploads\/2025\/03\/c37e4e71-5012-4bbf-973f-ec7d08fb3019-1536x910.jpeg 1536w, https:\/\/rna.ao\/rna.ao\/wp-content\/uploads\/2025\/03\/c37e4e71-5012-4bbf-973f-ec7d08fb3019.jpeg 1600w\" sizes=\"(max-width: 770px) 100vw, 770px\" \/><\/p>\n<p>O Ministro das Rela\u00e7\u00f5es Exteriores, T\u00e9te Ant\u00f3nio, reuniu-se nesta ter\u00e7a-feira, 18 de mar\u00e7o, em Luanda, com Lerato Mataboge, Comiss\u00e1ria para Infraestruturas e Energia da Uni\u00e3o Africana, e Nardos Bekele-Thomas, Directora Executiva da AUDA-NEPAD. O encontro abordou iniciativas estrat\u00e9gicas nas \u00e1reas de energia, \u00e1gua e transportes, refor\u00e7ando o compromisso de Angola com a Agenda 2063 da Uni\u00e3o Africana.<\/p>\n<p>A delega\u00e7\u00e3o da UA participa, nesta quarta-feira, na sess\u00e3o de apresenta\u00e7\u00e3o do novo Presidente da Comiss\u00e3o da Uni\u00e3o Africana e na discuss\u00e3o das Linhas Gerais da Presid\u00eancia de Angola na UA.<br \/>\nA visita tamb\u00e9m visa preparar a Confer\u00eancia Internacional para o Desenvolvimento das Infraestruturas, a realizar-se em Luanda em outubro deste ano.<\/p>\n","protected":false},"excerpt":{"rendered":"<p>O Ministro das Rela\u00e7\u00f5es Exteriores, T\u00e9te Ant\u00f3nio, reuniu-se nesta ter\u00e7a-feira, 18 de mar\u00e7o, em Luanda, com Lerato Mataboge, Comiss\u00e1ria para Infraestruturas e Energia da Uni\u00e3o Africana, e Nardos Bekele-Thomas, Directora Executiva da AUDA-NEPAD. O encontro abordou iniciativas estrat\u00e9gicas nas \u00e1reas de energia, \u00e1gua e transportes, refor\u00e7ando o compromisso de Angola ...<\/p>\n","protected":false},"author":9,"featured_media":171610,"comment_status":"closed","ping_status":"closed","sticky":false,"template":"","format":"standard","meta":[],"categories":[142,121,163],"tags":[],"_links":{"self":[{"href":"https:\/\/rna.ao\/rna.ao\/wp-json\/wp\/v2\/posts\/171608"}],"collection":[{"href":"https:\/\/rna.ao\/rna.ao\/wp-json\/wp\/v2\/posts"}],"about":[{"href":"https:\/\/rna.ao\/rna.ao\/wp-json\/wp\/v2\/types\/post"}],"author":[{"embeddable":true,"href":"https:\/\/rna.ao\/rna.ao\/wp-json\/wp\/v2\/users\/9"}],"replies":[{"embeddable":true,"href":"https:\/\/rna.ao\/rna.ao\/wp-json\/wp\/v2\/comments?post=171608"}],"version-history":[{"count":1,"href":"https:\/\/rna.ao\/rna.ao\/wp-json\/wp\/v2\/posts\/171608\/revisions"}],"predecessor-version":[{"id":171611,"href":"https:\/\/rna.ao\/rna.ao\/wp-json\/wp\/v2\/posts\/171608\/revisions\/171611"}],"wp:featuredmedia":[{"embeddable":true,"href":"https:\/\/rna.ao\/rna.ao\/wp-json\/wp\/v2\/media\/171610"}],"wp:attachment":[{"href":"https:\/\/rna.ao\/rna.ao\/wp-json\/wp\/v2\/media?parent=171608"}],"wp:term":[{"taxonomy":"category","embeddable":true,"href":"https:\/\/rna.ao\/rna.ao\/wp-json\/wp\/v2\/categories?post=171608"},{"taxonomy":"post_tag","embeddable":true,"href":"https:\/\/rna.ao\/rna.ao\/wp-json\/wp\/v2\/tags?post=171608"}],"curies":[{"name":"wp","href":"https:\/\/api.w.org\/{rel}","templated":true}]}}