{"id":17151,"date":"2021-02-12T07:14:48","date_gmt":"2021-02-12T06:14:48","guid":{"rendered":"https:\/\/rna.ao\/rna.ao\/?p=17151"},"modified":"2021-02-12T07:21:52","modified_gmt":"2021-02-12T06:21:52","slug":"empresas-que-nao-descontarem-para-a-seguranca-social-serao-responsabilizadas","status":"publish","type":"post","link":"https:\/\/rna.ao\/rna.ao\/2021\/02\/12\/empresas-que-nao-descontarem-para-a-seguranca-social-serao-responsabilizadas\/","title":{"rendered":"Empresas que n\u00e3o descontarem para a Seguran\u00e7a Social ser\u00e3o responsabilizadas"},"content":{"rendered":"<p><img loading=\"lazy\" class=\"size-full wp-image-14010 alignleft\" src=\"https:\/\/rna.ao\/rna.ao\/wp-content\/uploads\/2020\/12\/Teresa-Rodrigues-Dias.jpg\" alt=\"\" width=\"335\" height=\"192\" \/>A Ministra da Administra\u00e7\u00e3o P\u00fablica, Trabalho e Seguran\u00e7a social, Teresa Dias, disse que as\u00a0 empresas que continuarem a dificultar o processo de desconto da Seguran\u00e7a Social, ser\u00e3o responsabilizadas.<\/p>\n<p>Teresa Dias fez estes pronunciamentos quinta-feira, 11 de Fevereiro, no Huambo, onde se encontra em visita de trabalho. Ou\u00e7a, abaixo, toda informa\u00e7\u00e3o com mais desenvolvimento na reportagem com Ivone de Lourdes:<\/p>\n\t<div class=\"qtmplayer-playlist-large\">\n\t\t<ul class=\"qtmplayer-playlist\">\n\t\t\t\n\t\t\t\t\t<li class=\"qtmplayer-trackitem\">\n\t\t<img src=\"https:\/\/rna.ao\/rna.ao\/wp-content\/uploads\/2020\/12\/Teresa-Rodrigues-Dias-100x100.jpg\" alt=\"cover\">\t\t<span \t\t\tdata-qtmplayer-cover=\"https:\/\/rna.ao\/rna.ao\/wp-content\/uploads\/2020\/12\/Teresa-Rodrigues-Dias.jpg\"\n\t\t\t\t\t\tdata-qtmplayer-file=\"https:\/\/rna.ao\/rna.ao\/wp-content\/uploads\/2021\/02\/HUAMBO-SEGURANCA-SOCIAL-07-HRS.mp3\"\n\t\t\t\t\t\tdata-qtmplayer-title=\"Empresas que n\u00e3o descontarem para a Seguran\u00e7a Social ser\u00e3o responsabilizadas\"\n\t\t\t\t\t\tdata-qtmplayer-artist=\"RNA\"\n\t\t\t\t\t\tdata-qtmplayer-link=\"https:\/\/rna.ao\/rna.ao\/2021\/02\/12\/empresas-que-nao-descontarem-para-a-seguranca-social-serao-responsabilizadas\/\"\n\t\t\t\t\t\tdata-qtmplayer-icon=\"file_download\"\n\t\t\t\t\t\tdata-qtmplayer-type=\"track\"\n\t\t\t class=\"qtmplayer-play qtmplayer-link-sec qtmplayer-play-btn\"><i class='material-icons'>play_arrow<\/i><\/span>\n\t\t<p>\n\t\t\t<span class=\"qtmplayer-tit\">Empresas que n\u00e3o descontarem para a Seguran\u00e7a Social ser\u00e3o responsabilizadas<\/span>\n\t\t\t<span class=\"qtmplayer-art\">RNA<\/span>\n\t\t<\/p>\n\t<\/li>\n\t\t<\/ul>\n\t<\/div>\t\t\t\n\t\n<p>Fonte: RNA<\/p>\n","protected":false},"excerpt":{"rendered":"<p>A Ministra da Administra\u00e7\u00e3o P\u00fablica, Trabalho e Seguran\u00e7a social, Teresa Dias, disse que as\u00a0 empresas que continuarem a dificultar o processo de desconto da Seguran\u00e7a Social, ser\u00e3o responsabilizadas. Teresa Dias fez estes pronunciamentos quinta-feira, 11 de Fevereiro, no Huambo, onde se encontra em visita de trabalho. Ou\u00e7a, abaixo, toda informa\u00e7\u00e3o ...<\/p>\n","protected":false},"author":8,"featured_media":14010,"comment_status":"closed","ping_status":"closed","sticky":false,"template":"","format":"standard","meta":[],"categories":[121,163],"tags":[],"_links":{"self":[{"href":"https:\/\/rna.ao\/rna.ao\/wp-json\/wp\/v2\/posts\/17151"}],"collection":[{"href":"https:\/\/rna.ao\/rna.ao\/wp-json\/wp\/v2\/posts"}],"about":[{"href":"https:\/\/rna.ao\/rna.ao\/wp-json\/wp\/v2\/types\/post"}],"author":[{"embeddable":true,"href":"https:\/\/rna.ao\/rna.ao\/wp-json\/wp\/v2\/users\/8"}],"replies":[{"embeddable":true,"href":"https:\/\/rna.ao\/rna.ao\/wp-json\/wp\/v2\/comments?post=17151"}],"version-history":[{"count":2,"href":"https:\/\/rna.ao\/rna.ao\/wp-json\/wp\/v2\/posts\/17151\/revisions"}],"predecessor-version":[{"id":17161,"href":"https:\/\/rna.ao\/rna.ao\/wp-json\/wp\/v2\/posts\/17151\/revisions\/17161"}],"wp:featuredmedia":[{"embeddable":true,"href":"https:\/\/rna.ao\/rna.ao\/wp-json\/wp\/v2\/media\/14010"}],"wp:attachment":[{"href":"https:\/\/rna.ao\/rna.ao\/wp-json\/wp\/v2\/media?parent=17151"}],"wp:term":[{"taxonomy":"category","embeddable":true,"href":"https:\/\/rna.ao\/rna.ao\/wp-json\/wp\/v2\/categories?post=17151"},{"taxonomy":"post_tag","embeddable":true,"href":"https:\/\/rna.ao\/rna.ao\/wp-json\/wp\/v2\/tags?post=17151"}],"curies":[{"name":"wp","href":"https:\/\/api.w.org\/{rel}","templated":true}]}}