{"id":17148,"date":"2021-02-12T06:20:18","date_gmt":"2021-02-12T05:20:18","guid":{"rendered":"https:\/\/rna.ao\/rna.ao\/?p=17148"},"modified":"2021-02-13T12:42:17","modified_gmt":"2021-02-13T11:42:17","slug":"programa-sabado-as-10-10-debate-relacao-juridica-na-condenacao-do-rei-do-bailundo","status":"publish","type":"post","link":"https:\/\/rna.ao\/rna.ao\/2021\/02\/12\/programa-sabado-as-10-10-debate-relacao-juridica-na-condenacao-do-rei-do-bailundo\/","title":{"rendered":"Programa S\u00e1bado \u00e0s 10 &#038; 10 debate as diverg\u00eancias e converg\u00eancias entre o direito costumeiro e o direito positivo"},"content":{"rendered":"<p><img loading=\"lazy\" class=\"size-full wp-image-12920 alignleft\" src=\"https:\/\/rna.ao\/rna.ao\/wp-content\/uploads\/2020\/12\/Sabado-as-10-10.jpg\" alt=\"\" width=\"257\" height=\"182\" \/>A condena\u00e7\u00e3o do Rei do Bailundo criou mais um debate entre a rela\u00e7\u00e3o do direito positivo e o direito costumeiro. Este assunto estar\u00e1 em abordagem dia 13 de Fevereiro, no espa\u00e7o \u201cS\u00e1bado \u00e0s 10 &amp; 10\u201d, da R\u00e1dio Nacional de Angola. Clique no \u00e1udio, em baixo, e ou\u00e7a:<\/p>\n\t<div class=\"qtmplayer-playlist-large\">\n\t\t<ul class=\"qtmplayer-playlist\">\n\t\t\t\n\t\t\t\t\t<li class=\"qtmplayer-trackitem\">\n\t\t<img src=\"https:\/\/rna.ao\/rna.ao\/wp-content\/uploads\/2020\/12\/Sabado-as-10-10-100x100.jpg\" alt=\"cover\">\t\t<span \t\t\tdata-qtmplayer-cover=\"https:\/\/rna.ao\/rna.ao\/wp-content\/uploads\/2020\/12\/Sabado-as-10-10.jpg\"\n\t\t\t\t\t\tdata-qtmplayer-file=\"https:\/\/rna.ao\/rna.ao\/wp-content\/uploads\/2021\/02\/sabado-13-de-02.mp3\"\n\t\t\t\t\t\tdata-qtmplayer-title=\"Programa S\u00e1bado \u00e0s 10 &#038; 10 debate as diverg\u00eancias e converg\u00eancias entre o direito costumeiro e o direito positivo\"\n\t\t\t\t\t\tdata-qtmplayer-artist=\"RNA\"\n\t\t\t\t\t\tdata-qtmplayer-link=\"https:\/\/rna.ao\/rna.ao\/2021\/02\/12\/programa-sabado-as-10-10-debate-relacao-juridica-na-condenacao-do-rei-do-bailundo\/\"\n\t\t\t\t\t\tdata-qtmplayer-icon=\"file_download\"\n\t\t\t\t\t\tdata-qtmplayer-type=\"track\"\n\t\t\t class=\"qtmplayer-play qtmplayer-link-sec qtmplayer-play-btn\"><i class='material-icons'>play_arrow<\/i><\/span>\n\t\t<p>\n\t\t\t<span class=\"qtmplayer-tit\">Programa S\u00e1bado \u00e0s 10 &#038; 10 debate as diverg\u00eancias e converg\u00eancias entre o direito costumeiro e o direito positivo<\/span>\n\t\t\t<span class=\"qtmplayer-art\">RNA<\/span>\n\t\t<\/p>\n\t<\/li>\n\t\t<\/ul>\n\t<\/div>\t\t\t\n\t\n","protected":false},"excerpt":{"rendered":"<p>A condena\u00e7\u00e3o do Rei do Bailundo criou mais um debate entre a rela\u00e7\u00e3o do direito positivo e o direito costumeiro. Este assunto estar\u00e1 em abordagem dia 13 de Fevereiro, no espa\u00e7o \u201cS\u00e1bado \u00e0s 10 &amp; 10\u201d, da R\u00e1dio Nacional de Angola. Clique no \u00e1udio, em baixo, e ou\u00e7a:<\/p>\n","protected":false},"author":8,"featured_media":12920,"comment_status":"closed","ping_status":"closed","sticky":false,"template":"","format":"standard","meta":[],"categories":[1],"tags":[],"_links":{"self":[{"href":"https:\/\/rna.ao\/rna.ao\/wp-json\/wp\/v2\/posts\/17148"}],"collection":[{"href":"https:\/\/rna.ao\/rna.ao\/wp-json\/wp\/v2\/posts"}],"about":[{"href":"https:\/\/rna.ao\/rna.ao\/wp-json\/wp\/v2\/types\/post"}],"author":[{"embeddable":true,"href":"https:\/\/rna.ao\/rna.ao\/wp-json\/wp\/v2\/users\/8"}],"replies":[{"embeddable":true,"href":"https:\/\/rna.ao\/rna.ao\/wp-json\/wp\/v2\/comments?post=17148"}],"version-history":[{"count":3,"href":"https:\/\/rna.ao\/rna.ao\/wp-json\/wp\/v2\/posts\/17148\/revisions"}],"predecessor-version":[{"id":17176,"href":"https:\/\/rna.ao\/rna.ao\/wp-json\/wp\/v2\/posts\/17148\/revisions\/17176"}],"wp:featuredmedia":[{"embeddable":true,"href":"https:\/\/rna.ao\/rna.ao\/wp-json\/wp\/v2\/media\/12920"}],"wp:attachment":[{"href":"https:\/\/rna.ao\/rna.ao\/wp-json\/wp\/v2\/media?parent=17148"}],"wp:term":[{"taxonomy":"category","embeddable":true,"href":"https:\/\/rna.ao\/rna.ao\/wp-json\/wp\/v2\/categories?post=17148"},{"taxonomy":"post_tag","embeddable":true,"href":"https:\/\/rna.ao\/rna.ao\/wp-json\/wp\/v2\/tags?post=17148"}],"curies":[{"name":"wp","href":"https:\/\/api.w.org\/{rel}","templated":true}]}}