{"id":17144,"date":"2021-02-12T06:06:40","date_gmt":"2021-02-12T05:06:40","guid":{"rendered":"https:\/\/rna.ao\/rna.ao\/?p=17144"},"modified":"2021-02-12T06:36:36","modified_gmt":"2021-02-12T05:36:36","slug":"dia-internacional-da-mulher-cientistas-angolanas-abordaram-combate-a-covid-19","status":"publish","type":"post","link":"https:\/\/rna.ao\/rna.ao\/2021\/02\/12\/dia-internacional-da-mulher-cientistas-angolanas-abordaram-combate-a-covid-19\/","title":{"rendered":"Dia Internacional da Mulher Cientistas: Angolanas abordaram combate \u00e0 Covid-19"},"content":{"rendered":"<p><img loading=\"lazy\" class=\"size-full wp-image-17146 alignleft\" src=\"https:\/\/rna.ao\/rna.ao\/wp-content\/uploads\/2021\/02\/MARIA-DO-ROSARIO-BRAGANCA-SAMBO.jpg\" alt=\"\" width=\"300\" height=\"200\" \/>&#8220;Mulheres Cientistas na Linha de Frente na Luta Contra a Covid-19&#8221;, \u00e9 o tema que estar\u00e1 no centro das conversas, deste ano, nas reflex\u00f5es do Dia Internacional das Mulheres e Meninas na Ci\u00eancia.<\/p>\n<p>Em Angola, as mulheres n\u00e3o est\u00e3o indiferentes \u00e0 investiga\u00e7\u00e3o cient\u00edfica. Segundo a Ministra do Ensino Superior, Ci\u00eancia e Tecnologia, Maria do Ros\u00e1rio Sambo, duas mulheres est\u00e3o a coordenar macro-projectos de investiga\u00e7\u00e3o cient\u00edfica, sobre comportamento da Covid-19, em Angola. Clique no \u00e1udio, abaixo, e ou\u00e7a:<\/p>\n\t<div class=\"qtmplayer-playlist-large\">\n\t\t<ul class=\"qtmplayer-playlist\">\n\t\t\t\n\t\t\t\t\t<li class=\"qtmplayer-trackitem\">\n\t\t<img src=\"https:\/\/rna.ao\/rna.ao\/wp-content\/uploads\/2021\/02\/MARIA-DO-ROSARIO-BRAGANCA-SAMBO-100x100.jpg\" alt=\"cover\">\t\t<span \t\t\tdata-qtmplayer-cover=\"https:\/\/rna.ao\/rna.ao\/wp-content\/uploads\/2021\/02\/MARIA-DO-ROSARIO-BRAGANCA-SAMBO.jpg\"\n\t\t\t\t\t\tdata-qtmplayer-file=\"https:\/\/rna.ao\/rna.ao\/wp-content\/uploads\/2021\/02\/MARIA-SAMBO.mp3\"\n\t\t\t\t\t\tdata-qtmplayer-title=\"Dia Internacional da Mulher Cientistas: Angolanas abordaram combate \u00e0 Covid-19\"\n\t\t\t\t\t\tdata-qtmplayer-artist=\"RNA\"\n\t\t\t\t\t\tdata-qtmplayer-link=\"https:\/\/rna.ao\/rna.ao\/2021\/02\/12\/dia-internacional-da-mulher-cientistas-angolanas-abordaram-combate-a-covid-19\/\"\n\t\t\t\t\t\tdata-qtmplayer-icon=\"file_download\"\n\t\t\t\t\t\tdata-qtmplayer-type=\"track\"\n\t\t\t class=\"qtmplayer-play qtmplayer-link-sec qtmplayer-play-btn\"><i class='material-icons'>play_arrow<\/i><\/span>\n\t\t<p>\n\t\t\t<span class=\"qtmplayer-tit\">Dia Internacional da Mulher Cientistas: Angolanas abordaram combate \u00e0 Covid-19<\/span>\n\t\t\t<span class=\"qtmplayer-art\">RNA<\/span>\n\t\t<\/p>\n\t<\/li>\n\t\t<\/ul>\n\t<\/div>\t\t\t\n\t\n<p>Fonte: RNA<\/p>\n","protected":false},"excerpt":{"rendered":"<p>&#8220;Mulheres Cientistas na Linha de Frente na Luta Contra a Covid-19&#8221;, \u00e9 o tema que estar\u00e1 no centro das conversas, deste ano, nas reflex\u00f5es do Dia Internacional das Mulheres e Meninas na Ci\u00eancia. Em Angola, as mulheres n\u00e3o est\u00e3o indiferentes \u00e0 investiga\u00e7\u00e3o cient\u00edfica. Segundo a Ministra do Ensino Superior, Ci\u00eancia ...<\/p>\n","protected":false},"author":8,"featured_media":17146,"comment_status":"closed","ping_status":"closed","sticky":false,"template":"","format":"standard","meta":[],"categories":[142,163],"tags":[],"_links":{"self":[{"href":"https:\/\/rna.ao\/rna.ao\/wp-json\/wp\/v2\/posts\/17144"}],"collection":[{"href":"https:\/\/rna.ao\/rna.ao\/wp-json\/wp\/v2\/posts"}],"about":[{"href":"https:\/\/rna.ao\/rna.ao\/wp-json\/wp\/v2\/types\/post"}],"author":[{"embeddable":true,"href":"https:\/\/rna.ao\/rna.ao\/wp-json\/wp\/v2\/users\/8"}],"replies":[{"embeddable":true,"href":"https:\/\/rna.ao\/rna.ao\/wp-json\/wp\/v2\/comments?post=17144"}],"version-history":[{"count":1,"href":"https:\/\/rna.ao\/rna.ao\/wp-json\/wp\/v2\/posts\/17144\/revisions"}],"predecessor-version":[{"id":17147,"href":"https:\/\/rna.ao\/rna.ao\/wp-json\/wp\/v2\/posts\/17144\/revisions\/17147"}],"wp:featuredmedia":[{"embeddable":true,"href":"https:\/\/rna.ao\/rna.ao\/wp-json\/wp\/v2\/media\/17146"}],"wp:attachment":[{"href":"https:\/\/rna.ao\/rna.ao\/wp-json\/wp\/v2\/media?parent=17144"}],"wp:term":[{"taxonomy":"category","embeddable":true,"href":"https:\/\/rna.ao\/rna.ao\/wp-json\/wp\/v2\/categories?post=17144"},{"taxonomy":"post_tag","embeddable":true,"href":"https:\/\/rna.ao\/rna.ao\/wp-json\/wp\/v2\/tags?post=17144"}],"curies":[{"name":"wp","href":"https:\/\/api.w.org\/{rel}","templated":true}]}}