{"id":17141,"date":"2021-02-12T06:22:09","date_gmt":"2021-02-12T05:22:09","guid":{"rendered":"https:\/\/rna.ao\/rna.ao\/?p=17141"},"modified":"2021-02-12T09:36:32","modified_gmt":"2021-02-12T08:36:32","slug":"director-provincial-da-saude-do-bengo-conduzida-a-cadeia-de-caboxa","status":"publish","type":"post","link":"https:\/\/rna.ao\/rna.ao\/2021\/02\/12\/director-provincial-da-saude-do-bengo-conduzida-a-cadeia-de-caboxa\/","title":{"rendered":"Directora provincial da sa\u00fade do Bengo conduzida \u00e0 cadeia de Caboxa"},"content":{"rendered":"<p><img loading=\"lazy\" class=\"size-full wp-image-11043 alignleft\" src=\"https:\/\/rna.ao\/rna.ao\/wp-content\/uploads\/2020\/11\/Victoria-Cambuanda.jpg\" alt=\"\" width=\"194\" height=\"212\" \/>Na Prov\u00edncia do Bengo a directora da sa\u00fade, Vict\u00f3ria Cambuanda, que est\u00e1 suspensa das suas fun\u00e7\u00f5es por ser suspeita de desvio de 75 milh\u00f5es de Kwanzas, destinados a preven\u00e7\u00e3o e combate \u00e0 Covid-19, viu alterada a sua medida de coa\u00e7\u00e3o de pris\u00e3o domiciliar, e foi conduzida para a cadeia de Caboxe.<\/p>\n<p>Nesta condi\u00e7\u00e3o est\u00e3o outros tr\u00eas, dos catorze, arguidos do processo. Ou\u00e7a, abaixo, toda informa\u00e7\u00e3o na reportagem com Agner dos santos Elvas:<\/p>\n\t<div class=\"qtmplayer-playlist-large\">\n\t\t<ul class=\"qtmplayer-playlist\">\n\t\t\t\n\t\t\t\t\t<li class=\"qtmplayer-trackitem\">\n\t\t<img src=\"https:\/\/rna.ao\/rna.ao\/wp-content\/uploads\/2020\/11\/Victoria-Cambuanda-100x100.jpg\" alt=\"cover\">\t\t<span \t\t\tdata-qtmplayer-cover=\"https:\/\/rna.ao\/rna.ao\/wp-content\/uploads\/2020\/11\/Victoria-Cambuanda.jpg\"\n\t\t\t\t\t\tdata-qtmplayer-file=\"https:\/\/rna.ao\/rna.ao\/wp-content\/uploads\/2021\/02\/BENGO-PRISAO-06-HRS.mp3\"\n\t\t\t\t\t\tdata-qtmplayer-title=\"Directora provincial da sa\u00fade do Bengo conduzida \u00e0 cadeia de Caboxa\"\n\t\t\t\t\t\tdata-qtmplayer-artist=\"RNA\"\n\t\t\t\t\t\tdata-qtmplayer-link=\"https:\/\/rna.ao\/rna.ao\/2021\/02\/12\/director-provincial-da-saude-do-bengo-conduzida-a-cadeia-de-caboxa\/\"\n\t\t\t\t\t\tdata-qtmplayer-icon=\"file_download\"\n\t\t\t\t\t\tdata-qtmplayer-type=\"track\"\n\t\t\t class=\"qtmplayer-play qtmplayer-link-sec qtmplayer-play-btn\"><i class='material-icons'>play_arrow<\/i><\/span>\n\t\t<p>\n\t\t\t<span class=\"qtmplayer-tit\">Directora provincial da sa\u00fade do Bengo conduzida \u00e0 cadeia de Caboxa<\/span>\n\t\t\t<span class=\"qtmplayer-art\">RNA<\/span>\n\t\t<\/p>\n\t<\/li>\n\t\t<\/ul>\n\t<\/div>\t\t\t\n\t\n<p>Fonte: RNA<\/p>\n","protected":false},"excerpt":{"rendered":"<p>Na Prov\u00edncia do Bengo a directora da sa\u00fade, Vict\u00f3ria Cambuanda, que est\u00e1 suspensa das suas fun\u00e7\u00f5es por ser suspeita de desvio de 75 milh\u00f5es de Kwanzas, destinados a preven\u00e7\u00e3o e combate \u00e0 Covid-19, viu alterada a sua medida de coa\u00e7\u00e3o de pris\u00e3o domiciliar, e foi conduzida para a cadeia de ...<\/p>\n","protected":false},"author":8,"featured_media":11043,"comment_status":"closed","ping_status":"closed","sticky":false,"template":"","format":"standard","meta":[],"categories":[121,164,163],"tags":[],"_links":{"self":[{"href":"https:\/\/rna.ao\/rna.ao\/wp-json\/wp\/v2\/posts\/17141"}],"collection":[{"href":"https:\/\/rna.ao\/rna.ao\/wp-json\/wp\/v2\/posts"}],"about":[{"href":"https:\/\/rna.ao\/rna.ao\/wp-json\/wp\/v2\/types\/post"}],"author":[{"embeddable":true,"href":"https:\/\/rna.ao\/rna.ao\/wp-json\/wp\/v2\/users\/8"}],"replies":[{"embeddable":true,"href":"https:\/\/rna.ao\/rna.ao\/wp-json\/wp\/v2\/comments?post=17141"}],"version-history":[{"count":2,"href":"https:\/\/rna.ao\/rna.ao\/wp-json\/wp\/v2\/posts\/17141\/revisions"}],"predecessor-version":[{"id":17227,"href":"https:\/\/rna.ao\/rna.ao\/wp-json\/wp\/v2\/posts\/17141\/revisions\/17227"}],"wp:featuredmedia":[{"embeddable":true,"href":"https:\/\/rna.ao\/rna.ao\/wp-json\/wp\/v2\/media\/11043"}],"wp:attachment":[{"href":"https:\/\/rna.ao\/rna.ao\/wp-json\/wp\/v2\/media?parent=17141"}],"wp:term":[{"taxonomy":"category","embeddable":true,"href":"https:\/\/rna.ao\/rna.ao\/wp-json\/wp\/v2\/categories?post=17141"},{"taxonomy":"post_tag","embeddable":true,"href":"https:\/\/rna.ao\/rna.ao\/wp-json\/wp\/v2\/tags?post=17141"}],"curies":[{"name":"wp","href":"https:\/\/api.w.org\/{rel}","templated":true}]}}