{"id":17133,"date":"2021-02-12T06:08:30","date_gmt":"2021-02-12T05:08:30","guid":{"rendered":"https:\/\/rna.ao\/rna.ao\/?p=17133"},"modified":"2021-02-12T06:08:30","modified_gmt":"2021-02-12T05:08:30","slug":"governo-acolhe-proposta-dos-deputados-para-criacao-do-cofre-privativo-dos-tribunais","status":"publish","type":"post","link":"https:\/\/rna.ao\/rna.ao\/2021\/02\/12\/governo-acolhe-proposta-dos-deputados-para-criacao-do-cofre-privativo-dos-tribunais\/","title":{"rendered":"Governo acolhe proposta dos deputados para cria\u00e7\u00e3o do Cofre Privativo dos Tribunais"},"content":{"rendered":"<p><img loading=\"lazy\" class=\"size-full wp-image-17136 alignleft\" src=\"https:\/\/rna.ao\/rna.ao\/wp-content\/uploads\/2021\/02\/Orlando-Fernanes.jpg\" alt=\"\" width=\"275\" height=\"183\" \/>Os deputados \u00e0 Assembleia Nacional prop\u00f5em a cria\u00e7\u00e3o de um Cofre Privativo dos Tribunais.<\/p>\n<p>O Cofre, segundo os parlamentares vai fazer a gest\u00e3o das receitas arrecadadas pelos Tribunais e, depois, investir as vendas em projectos e infra-estruturas ligadas ao sector da justi\u00e7a. Clique no \u00e1udio, abaixo, e ou\u00e7a com mais desenvolvimento na reportagem com Ant\u00f3nio Chocolate:<\/p>\n\t<div class=\"qtmplayer-playlist-large\">\n\t\t<ul class=\"qtmplayer-playlist\">\n\t\t\t\n\t\t\t\t\t<li class=\"qtmplayer-trackitem\">\n\t\t<img src=\"https:\/\/rna.ao\/rna.ao\/wp-content\/uploads\/2021\/02\/Orlando-Fernanes-100x100.jpg\" alt=\"cover\">\t\t<span \t\t\tdata-qtmplayer-cover=\"https:\/\/rna.ao\/rna.ao\/wp-content\/uploads\/2021\/02\/Orlando-Fernanes.jpg\"\n\t\t\t\t\t\tdata-qtmplayer-file=\"https:\/\/rna.ao\/rna.ao\/wp-content\/uploads\/2021\/02\/ANTONIO-CHOCOLATE-06-HRS.mp3\"\n\t\t\t\t\t\tdata-qtmplayer-title=\"Governo acolhe proposta dos deputados para cria\u00e7\u00e3o do Cofre Privativo dos Tribunais\"\n\t\t\t\t\t\tdata-qtmplayer-artist=\"RNA\"\n\t\t\t\t\t\tdata-qtmplayer-link=\"https:\/\/rna.ao\/rna.ao\/2021\/02\/12\/governo-acolhe-proposta-dos-deputados-para-criacao-do-cofre-privativo-dos-tribunais\/\"\n\t\t\t\t\t\tdata-qtmplayer-icon=\"file_download\"\n\t\t\t\t\t\tdata-qtmplayer-type=\"track\"\n\t\t\t class=\"qtmplayer-play qtmplayer-link-sec qtmplayer-play-btn\"><i class='material-icons'>play_arrow<\/i><\/span>\n\t\t<p>\n\t\t\t<span class=\"qtmplayer-tit\">Governo acolhe proposta dos deputados para cria\u00e7\u00e3o do Cofre Privativo dos Tribunais<\/span>\n\t\t\t<span class=\"qtmplayer-art\">RNA<\/span>\n\t\t<\/p>\n\t<\/li>\n\t\t<\/ul>\n\t<\/div>\t\t\t\n\t\n<p>Fonte: RNA<\/p>\n","protected":false},"excerpt":{"rendered":"<p>Os deputados \u00e0 Assembleia Nacional prop\u00f5em a cria\u00e7\u00e3o de um Cofre Privativo dos Tribunais. O Cofre, segundo os parlamentares vai fazer a gest\u00e3o das receitas arrecadadas pelos Tribunais e, depois, investir as vendas em projectos e infra-estruturas ligadas ao sector da justi\u00e7a. Clique no \u00e1udio, abaixo, e ou\u00e7a com mais ...<\/p>\n","protected":false},"author":8,"featured_media":17136,"comment_status":"closed","ping_status":"closed","sticky":false,"template":"","format":"standard","meta":[],"categories":[142,163],"tags":[],"_links":{"self":[{"href":"https:\/\/rna.ao\/rna.ao\/wp-json\/wp\/v2\/posts\/17133"}],"collection":[{"href":"https:\/\/rna.ao\/rna.ao\/wp-json\/wp\/v2\/posts"}],"about":[{"href":"https:\/\/rna.ao\/rna.ao\/wp-json\/wp\/v2\/types\/post"}],"author":[{"embeddable":true,"href":"https:\/\/rna.ao\/rna.ao\/wp-json\/wp\/v2\/users\/8"}],"replies":[{"embeddable":true,"href":"https:\/\/rna.ao\/rna.ao\/wp-json\/wp\/v2\/comments?post=17133"}],"version-history":[{"count":1,"href":"https:\/\/rna.ao\/rna.ao\/wp-json\/wp\/v2\/posts\/17133\/revisions"}],"predecessor-version":[{"id":17137,"href":"https:\/\/rna.ao\/rna.ao\/wp-json\/wp\/v2\/posts\/17133\/revisions\/17137"}],"wp:featuredmedia":[{"embeddable":true,"href":"https:\/\/rna.ao\/rna.ao\/wp-json\/wp\/v2\/media\/17136"}],"wp:attachment":[{"href":"https:\/\/rna.ao\/rna.ao\/wp-json\/wp\/v2\/media?parent=17133"}],"wp:term":[{"taxonomy":"category","embeddable":true,"href":"https:\/\/rna.ao\/rna.ao\/wp-json\/wp\/v2\/categories?post=17133"},{"taxonomy":"post_tag","embeddable":true,"href":"https:\/\/rna.ao\/rna.ao\/wp-json\/wp\/v2\/tags?post=17133"}],"curies":[{"name":"wp","href":"https:\/\/api.w.org\/{rel}","templated":true}]}}