{"id":17127,"date":"2021-02-12T06:01:47","date_gmt":"2021-02-12T05:01:47","guid":{"rendered":"https:\/\/rna.ao\/rna.ao\/?p=17127"},"modified":"2021-02-12T09:39:52","modified_gmt":"2021-02-12T08:39:52","slug":"amontoados-de-lixo-falta-de-iluminacao-e-buracos-na-cidade-preocupam-municipes","status":"publish","type":"post","link":"https:\/\/rna.ao\/rna.ao\/2021\/02\/12\/amontoados-de-lixo-falta-de-iluminacao-e-buracos-na-cidade-preocupam-municipes\/","title":{"rendered":"Amontoados de lixo, falta de ilumina\u00e7\u00e3o e buracos na cidade preocupam mun\u00edcipes"},"content":{"rendered":"<p><img loading=\"lazy\" class=\"size-full wp-image-17131 alignleft\" src=\"https:\/\/rna.ao\/rna.ao\/wp-content\/uploads\/2021\/02\/Viana-Estrada-de-Catete.jpg\" alt=\"\" width=\"256\" height=\"145\" \/>A falta de ilumina\u00e7\u00e3o p\u00fablica em grande parte do tro\u00e7o Luanda\/Viana, continua a inquietar os automobilistas. Segundo Francisco Pinto, o mesmo cen\u00e1rio \u00e9 not\u00e1vel em grande parte da Via Expresso. Clique no \u00e1udio e ou\u00e7a:<\/p>\n\t<div class=\"qtmplayer-playlist-large\">\n\t\t<ul class=\"qtmplayer-playlist\">\n\t\t\t\n\t\t\t\t\t<li class=\"qtmplayer-trackitem\">\n\t\t<img src=\"https:\/\/rna.ao\/rna.ao\/wp-content\/uploads\/2021\/02\/Viana-Estrada-de-Catete-100x100.jpg\" alt=\"cover\">\t\t<span \t\t\tdata-qtmplayer-cover=\"https:\/\/rna.ao\/rna.ao\/wp-content\/uploads\/2021\/02\/Viana-Estrada-de-Catete.jpg\"\n\t\t\t\t\t\tdata-qtmplayer-file=\"https:\/\/rna.ao\/rna.ao\/wp-content\/uploads\/2021\/02\/FRANCISCO-PINTO-ILUMINACAO.mp3\"\n\t\t\t\t\t\tdata-qtmplayer-title=\"Amontoados de lixo, falta de ilumina\u00e7\u00e3o e buracos na cidade preocupam mun\u00edcipes\"\n\t\t\t\t\t\tdata-qtmplayer-artist=\"RNA\"\n\t\t\t\t\t\tdata-qtmplayer-link=\"https:\/\/rna.ao\/rna.ao\/2021\/02\/12\/amontoados-de-lixo-falta-de-iluminacao-e-buracos-na-cidade-preocupam-municipes\/\"\n\t\t\t\t\t\tdata-qtmplayer-icon=\"file_download\"\n\t\t\t\t\t\tdata-qtmplayer-type=\"track\"\n\t\t\t class=\"qtmplayer-play qtmplayer-link-sec qtmplayer-play-btn\"><i class='material-icons'>play_arrow<\/i><\/span>\n\t\t<p>\n\t\t\t<span class=\"qtmplayer-tit\">Amontoados de lixo, falta de ilumina\u00e7\u00e3o e buracos na cidade preocupam mun\u00edcipes<\/span>\n\t\t\t<span class=\"qtmplayer-art\">RNA<\/span>\n\t\t<\/p>\n\t<\/li>\n\t\t<\/ul>\n\t<\/div>\t\t\t\n\t\n<p>J\u00e1 os usu\u00e1rios da Conhecida Ponte Partida em Viana, clamam pela sua reabilita\u00e7\u00e3o. Zeferino Epalanga, diz que a travessia \u00e9 feita sob muitos riscos sobretudo por pessoas com alguma defici\u00eancia.<\/p>\n\t<div class=\"qtmplayer-playlist-large\">\n\t\t<ul class=\"qtmplayer-playlist\">\n\t\t\t\n\t\t\t\t\t<li class=\"qtmplayer-trackitem\">\n\t\t<img src=\"https:\/\/rna.ao\/rna.ao\/wp-content\/uploads\/2021\/02\/Viana-Estrada-de-Catete-100x100.jpg\" alt=\"cover\">\t\t<span \t\t\tdata-qtmplayer-cover=\"https:\/\/rna.ao\/rna.ao\/wp-content\/uploads\/2021\/02\/Viana-Estrada-de-Catete.jpg\"\n\t\t\t\t\t\tdata-qtmplayer-file=\"https:\/\/rna.ao\/rna.ao\/wp-content\/uploads\/2021\/02\/ZEFERINO-EPALANGA.mp3\"\n\t\t\t\t\t\tdata-qtmplayer-title=\"Amontoados de lixo, falta de ilumina\u00e7\u00e3o e buracos na cidade preocupam mun\u00edcipes\"\n\t\t\t\t\t\tdata-qtmplayer-artist=\"RNA\"\n\t\t\t\t\t\tdata-qtmplayer-link=\"https:\/\/rna.ao\/rna.ao\/2021\/02\/12\/amontoados-de-lixo-falta-de-iluminacao-e-buracos-na-cidade-preocupam-municipes\/\"\n\t\t\t\t\t\tdata-qtmplayer-icon=\"file_download\"\n\t\t\t\t\t\tdata-qtmplayer-type=\"track\"\n\t\t\t class=\"qtmplayer-play qtmplayer-link-sec qtmplayer-play-btn\"><i class='material-icons'>play_arrow<\/i><\/span>\n\t\t<p>\n\t\t\t<span class=\"qtmplayer-tit\">Amontoados de lixo, falta de ilumina\u00e7\u00e3o e buracos na cidade preocupam mun\u00edcipes<\/span>\n\t\t\t<span class=\"qtmplayer-art\">RNA<\/span>\n\t\t<\/p>\n\t<\/li>\n\t\t<\/ul>\n\t<\/div>\t\t\t\n\t\n<p>Fonte: R\u00e1dio Luanda\/RNA<\/p>\n","protected":false},"excerpt":{"rendered":"<p>A falta de ilumina\u00e7\u00e3o p\u00fablica em grande parte do tro\u00e7o Luanda\/Viana, continua a inquietar os automobilistas. Segundo Francisco Pinto, o mesmo cen\u00e1rio \u00e9 not\u00e1vel em grande parte da Via Expresso. Clique no \u00e1udio e ou\u00e7a: J\u00e1 os usu\u00e1rios da Conhecida Ponte Partida em Viana, clamam pela sua reabilita\u00e7\u00e3o. Zeferino Epalanga, ...<\/p>\n","protected":false},"author":8,"featured_media":17131,"comment_status":"closed","ping_status":"closed","sticky":false,"template":"","format":"standard","meta":[],"categories":[141,133],"tags":[],"_links":{"self":[{"href":"https:\/\/rna.ao\/rna.ao\/wp-json\/wp\/v2\/posts\/17127"}],"collection":[{"href":"https:\/\/rna.ao\/rna.ao\/wp-json\/wp\/v2\/posts"}],"about":[{"href":"https:\/\/rna.ao\/rna.ao\/wp-json\/wp\/v2\/types\/post"}],"author":[{"embeddable":true,"href":"https:\/\/rna.ao\/rna.ao\/wp-json\/wp\/v2\/users\/8"}],"replies":[{"embeddable":true,"href":"https:\/\/rna.ao\/rna.ao\/wp-json\/wp\/v2\/comments?post=17127"}],"version-history":[{"count":2,"href":"https:\/\/rna.ao\/rna.ao\/wp-json\/wp\/v2\/posts\/17127\/revisions"}],"predecessor-version":[{"id":17228,"href":"https:\/\/rna.ao\/rna.ao\/wp-json\/wp\/v2\/posts\/17127\/revisions\/17228"}],"wp:featuredmedia":[{"embeddable":true,"href":"https:\/\/rna.ao\/rna.ao\/wp-json\/wp\/v2\/media\/17131"}],"wp:attachment":[{"href":"https:\/\/rna.ao\/rna.ao\/wp-json\/wp\/v2\/media?parent=17127"}],"wp:term":[{"taxonomy":"category","embeddable":true,"href":"https:\/\/rna.ao\/rna.ao\/wp-json\/wp\/v2\/categories?post=17127"},{"taxonomy":"post_tag","embeddable":true,"href":"https:\/\/rna.ao\/rna.ao\/wp-json\/wp\/v2\/tags?post=17127"}],"curies":[{"name":"wp","href":"https:\/\/api.w.org\/{rel}","templated":true}]}}