{"id":171190,"date":"2025-03-13T15:38:07","date_gmt":"2025-03-13T14:38:07","guid":{"rendered":"https:\/\/rna.ao\/rna.ao\/?p=171190"},"modified":"2025-03-13T13:44:40","modified_gmt":"2025-03-13T12:44:40","slug":"executivo-reduz-em-30-por-cento-este-ano-a-captura-do-peixe-sardinha","status":"publish","type":"post","link":"https:\/\/rna.ao\/rna.ao\/2025\/03\/13\/executivo-reduz-em-30-por-cento-este-ano-a-captura-do-peixe-sardinha\/","title":{"rendered":"Executivo reduz em 30 por cento, este ano, a captura do peixe sardinha"},"content":{"rendered":"<p><img loading=\"lazy\" class=\"alignnone size-full wp-image-171192\" src=\"https:\/\/rna.ao\/rna.ao\/wp-content\/uploads\/2025\/03\/peixe-sardinha.jpg\" alt=\"\" width=\"300\" height=\"168\" \/><\/p>\n<p style=\"font-weight: 400;\">A taxa autorizada para a captura de pescado este ano, \u00e9 de cerca de quatrocentas mil toneladas para o segmento da pesca industrial e semi-industrial.<\/p>\n<p style=\"font-weight: 400;\">\u00c0 luz dessa medida de gest\u00e3o, o executivo reduziu em cerca de trinta por cento, a captura das esp\u00e9cies das sardinelas, se comparado com o ano de 2024.<\/p>\n<p style=\"font-weight: 400;\">Estas informa\u00e7\u00f5es foram avan\u00e7adas hoje, no debate Angola em Directo que analisou o tema \u201cGest\u00e3o das Pescarias Marinhas, da Pesca Continental e Aquicultura\u201d. Jornalista Jo\u00e3o Manuel. Clique no \u00e1udio abaixo e ou\u00e7a:<\/p>\n\t<div class=\"qtmplayer-playlist-large\">\n\t\t<ul class=\"qtmplayer-playlist\">\n\t\t\t\n\t\t\t\t\t<li class=\"qtmplayer-trackitem\">\n\t\t<img src=\"https:\/\/rna.ao\/rna.ao\/wp-content\/uploads\/2025\/03\/peixe-sardinha-100x100.jpg\" alt=\"cover\">\t\t<span \t\t\tdata-qtmplayer-cover=\"https:\/\/rna.ao\/rna.ao\/wp-content\/uploads\/2025\/03\/peixe-sardinha.jpg\"\n\t\t\t\t\t\tdata-qtmplayer-file=\"https:\/\/rna.ao\/rna.ao\/wp-content\/uploads\/2025\/03\/JOAO-MANUEL-13HRS-1.mp3\"\n\t\t\t\t\t\tdata-qtmplayer-title=\"Executivo reduz em 30 por cento, este ano, a captura do peixe sardinha\"\n\t\t\t\t\t\tdata-qtmplayer-artist=\"Carla Quipungo\"\n\t\t\t\t\t\tdata-qtmplayer-link=\"https:\/\/rna.ao\/rna.ao\/2025\/03\/13\/executivo-reduz-em-30-por-cento-este-ano-a-captura-do-peixe-sardinha\/\"\n\t\t\t\t\t\tdata-qtmplayer-icon=\"file_download\"\n\t\t\t\t\t\tdata-qtmplayer-type=\"track\"\n\t\t\t class=\"qtmplayer-play qtmplayer-link-sec qtmplayer-play-btn\"><i class='material-icons'>play_arrow<\/i><\/span>\n\t\t<p>\n\t\t\t<span class=\"qtmplayer-tit\">Executivo reduz em 30 por cento, este ano, a captura do peixe sardinha<\/span>\n\t\t\t<span class=\"qtmplayer-art\">Carla Quipungo<\/span>\n\t\t<\/p>\n\t<\/li>\n\t\t<\/ul>\n\t<\/div>\t\t\t\n\t\n","protected":false},"excerpt":{"rendered":"<p>A taxa autorizada para a captura de pescado este ano, \u00e9 de cerca de quatrocentas mil toneladas para o segmento da pesca industrial e semi-industrial. \u00c0 luz dessa medida de gest\u00e3o, o executivo reduziu em cerca de trinta por cento, a captura das esp\u00e9cies das sardinelas, se comparado com o ...<\/p>\n","protected":false},"author":9,"featured_media":171192,"comment_status":"closed","ping_status":"closed","sticky":false,"template":"","format":"standard","meta":[],"categories":[142,121,163],"tags":[],"_links":{"self":[{"href":"https:\/\/rna.ao\/rna.ao\/wp-json\/wp\/v2\/posts\/171190"}],"collection":[{"href":"https:\/\/rna.ao\/rna.ao\/wp-json\/wp\/v2\/posts"}],"about":[{"href":"https:\/\/rna.ao\/rna.ao\/wp-json\/wp\/v2\/types\/post"}],"author":[{"embeddable":true,"href":"https:\/\/rna.ao\/rna.ao\/wp-json\/wp\/v2\/users\/9"}],"replies":[{"embeddable":true,"href":"https:\/\/rna.ao\/rna.ao\/wp-json\/wp\/v2\/comments?post=171190"}],"version-history":[{"count":1,"href":"https:\/\/rna.ao\/rna.ao\/wp-json\/wp\/v2\/posts\/171190\/revisions"}],"predecessor-version":[{"id":171193,"href":"https:\/\/rna.ao\/rna.ao\/wp-json\/wp\/v2\/posts\/171190\/revisions\/171193"}],"wp:featuredmedia":[{"embeddable":true,"href":"https:\/\/rna.ao\/rna.ao\/wp-json\/wp\/v2\/media\/171192"}],"wp:attachment":[{"href":"https:\/\/rna.ao\/rna.ao\/wp-json\/wp\/v2\/media?parent=171190"}],"wp:term":[{"taxonomy":"category","embeddable":true,"href":"https:\/\/rna.ao\/rna.ao\/wp-json\/wp\/v2\/categories?post=171190"},{"taxonomy":"post_tag","embeddable":true,"href":"https:\/\/rna.ao\/rna.ao\/wp-json\/wp\/v2\/tags?post=171190"}],"curies":[{"name":"wp","href":"https:\/\/api.w.org\/{rel}","templated":true}]}}