{"id":17113,"date":"2021-02-11T13:40:37","date_gmt":"2021-02-11T12:40:37","guid":{"rendered":"https:\/\/rna.ao\/rna.ao\/?p=17113"},"modified":"2021-02-11T13:40:37","modified_gmt":"2021-02-11T12:40:37","slug":"luto-nas-estradas-do-cuanza-sul-com-dois-mortos-em-acidente-de-viacao","status":"publish","type":"post","link":"https:\/\/rna.ao\/rna.ao\/2021\/02\/11\/luto-nas-estradas-do-cuanza-sul-com-dois-mortos-em-acidente-de-viacao\/","title":{"rendered":"Luto nas Estradas do Cuanza-Sul com dois mortos em acidente de via\u00e7\u00e3o"},"content":{"rendered":"<p><img loading=\"lazy\" class=\"size-full wp-image-17117 alignleft\" src=\"https:\/\/rna.ao\/rna.ao\/wp-content\/uploads\/2021\/02\/ACIDENTE-VIACAO.jpg\" alt=\"\" width=\"261\" height=\"139\" \/>Na manh\u00e3 desta quinta-feira, 11 de Fevereiro, a Prov\u00edncia do Cuanza-Sul registou dois acidentes de via\u00e7\u00e3o. O primeiro aconteceu no Morro do Chingo, com saldo de um morto e oito feridos.<\/p>\n<p>J\u00e1 o segundo registou-se na Estrada que liga os Munic\u00edpios do Sumbe e Celes. Este tamb\u00e9m com um morto e quatro feridos. Ou\u00e7a, abaixo, toda informa\u00e7\u00e3o destes acidentes na reportagem com Restino In\u00e1cio:<\/p>\n\t<div class=\"qtmplayer-playlist-large\">\n\t\t<ul class=\"qtmplayer-playlist\">\n\t\t\t\n\t\t\t\t\t<li class=\"qtmplayer-trackitem\">\n\t\t<img src=\"https:\/\/rna.ao\/rna.ao\/wp-content\/uploads\/2021\/02\/ACIDENTE-VIACAO-100x100.jpg\" alt=\"cover\">\t\t<span \t\t\tdata-qtmplayer-cover=\"https:\/\/rna.ao\/rna.ao\/wp-content\/uploads\/2021\/02\/ACIDENTE-VIACAO.jpg\"\n\t\t\t\t\t\tdata-qtmplayer-file=\"https:\/\/rna.ao\/rna.ao\/wp-content\/uploads\/2021\/02\/KUANZA-SUL-ACIDENTE-13HRS.mp3\"\n\t\t\t\t\t\tdata-qtmplayer-title=\"Luto nas Estradas do Cuanza-Sul com dois mortos em acidente de via\u00e7\u00e3o\"\n\t\t\t\t\t\tdata-qtmplayer-artist=\"RNA\"\n\t\t\t\t\t\tdata-qtmplayer-link=\"https:\/\/rna.ao\/rna.ao\/2021\/02\/11\/luto-nas-estradas-do-cuanza-sul-com-dois-mortos-em-acidente-de-viacao\/\"\n\t\t\t\t\t\tdata-qtmplayer-icon=\"file_download\"\n\t\t\t\t\t\tdata-qtmplayer-type=\"track\"\n\t\t\t class=\"qtmplayer-play qtmplayer-link-sec qtmplayer-play-btn\"><i class='material-icons'>play_arrow<\/i><\/span>\n\t\t<p>\n\t\t\t<span class=\"qtmplayer-tit\">Luto nas Estradas do Cuanza-Sul com dois mortos em acidente de via\u00e7\u00e3o<\/span>\n\t\t\t<span class=\"qtmplayer-art\">RNA<\/span>\n\t\t<\/p>\n\t<\/li>\n\t\t<\/ul>\n\t<\/div>\t\t\t\n\t\n<p>Fonte: RNA<\/p>\n","protected":false},"excerpt":{"rendered":"<p>Na manh\u00e3 desta quinta-feira, 11 de Fevereiro, a Prov\u00edncia do Cuanza-Sul registou dois acidentes de via\u00e7\u00e3o. O primeiro aconteceu no Morro do Chingo, com saldo de um morto e oito feridos. J\u00e1 o segundo registou-se na Estrada que liga os Munic\u00edpios do Sumbe e Celes. Este tamb\u00e9m com um morto ...<\/p>\n","protected":false},"author":8,"featured_media":17117,"comment_status":"closed","ping_status":"closed","sticky":false,"template":"","format":"standard","meta":[],"categories":[121,163],"tags":[],"_links":{"self":[{"href":"https:\/\/rna.ao\/rna.ao\/wp-json\/wp\/v2\/posts\/17113"}],"collection":[{"href":"https:\/\/rna.ao\/rna.ao\/wp-json\/wp\/v2\/posts"}],"about":[{"href":"https:\/\/rna.ao\/rna.ao\/wp-json\/wp\/v2\/types\/post"}],"author":[{"embeddable":true,"href":"https:\/\/rna.ao\/rna.ao\/wp-json\/wp\/v2\/users\/8"}],"replies":[{"embeddable":true,"href":"https:\/\/rna.ao\/rna.ao\/wp-json\/wp\/v2\/comments?post=17113"}],"version-history":[{"count":1,"href":"https:\/\/rna.ao\/rna.ao\/wp-json\/wp\/v2\/posts\/17113\/revisions"}],"predecessor-version":[{"id":17118,"href":"https:\/\/rna.ao\/rna.ao\/wp-json\/wp\/v2\/posts\/17113\/revisions\/17118"}],"wp:featuredmedia":[{"embeddable":true,"href":"https:\/\/rna.ao\/rna.ao\/wp-json\/wp\/v2\/media\/17117"}],"wp:attachment":[{"href":"https:\/\/rna.ao\/rna.ao\/wp-json\/wp\/v2\/media?parent=17113"}],"wp:term":[{"taxonomy":"category","embeddable":true,"href":"https:\/\/rna.ao\/rna.ao\/wp-json\/wp\/v2\/categories?post=17113"},{"taxonomy":"post_tag","embeddable":true,"href":"https:\/\/rna.ao\/rna.ao\/wp-json\/wp\/v2\/tags?post=17113"}],"curies":[{"name":"wp","href":"https:\/\/api.w.org\/{rel}","templated":true}]}}