{"id":171082,"date":"2025-03-13T09:16:59","date_gmt":"2025-03-13T08:16:59","guid":{"rendered":"https:\/\/rna.ao\/rna.ao\/?p=171082"},"modified":"2025-03-13T09:16:59","modified_gmt":"2025-03-13T08:16:59","slug":"angolanos-reagem-as-escolhas-de-pedro-goncalves-para-a-dupla-jornada-qualificativa-ao-mundial-das-americas","status":"publish","type":"post","link":"https:\/\/rna.ao\/rna.ao\/2025\/03\/13\/angolanos-reagem-as-escolhas-de-pedro-goncalves-para-a-dupla-jornada-qualificativa-ao-mundial-das-americas\/","title":{"rendered":"Angolanos reagem \u00e0s escolhas de Pedro Gon\u00e7alves para a dupla jornada qualificativa ao Mundial das Am\u00e9ricas"},"content":{"rendered":"<p><img loading=\"lazy\" class=\"wp-image-158274 aligncenter\" src=\"https:\/\/rna.ao\/rna.ao\/wp-content\/uploads\/2024\/10\/pedro-1232.jpeg\" alt=\"\" width=\"357\" height=\"205\" \/>A cidade de Tripoli, capital da L\u00edbia inaugurou muito recentemente duas infra-estruturas de alto n\u00edvel e de qualidade real\u00e7\u00e1vel, perspetivando jogos de alto quilate. Entretanto est\u00e1 a apresentar como palco para o jogo com os Palancas Negras, um est\u00e1dio de relva sint\u00e9tica, que est\u00e1 a tirar o sono ao selecionador nacional, Pedro Gon\u00e7alves.\u00a0Clique, no \u00e1udio e ou\u00e7a:<\/p>\n\t<div class=\"qtmplayer-playlist-large\">\n\t\t<ul class=\"qtmplayer-playlist\">\n\t\t\t\n\t\t\t\t\t<li class=\"qtmplayer-trackitem\">\n\t\t<img src=\"https:\/\/rna.ao\/rna.ao\/wp-content\/uploads\/2024\/09\/selecao-nacional-de-futebol-de-Sub-20-100x100.jpg\" alt=\"cover\">\t\t<span \t\t\tdata-qtmplayer-cover=\"https:\/\/rna.ao\/rna.ao\/wp-content\/uploads\/2024\/09\/selecao-nacional-de-futebol-de-Sub-20.jpg\"\n\t\t\t\t\t\tdata-qtmplayer-file=\"https:\/\/rna.ao\/rna.ao\/wp-content\/uploads\/2025\/03\/P-J-3-PEDRO-GONCALVES-13-03-25.mp3\"\n\t\t\t\t\t\tdata-qtmplayer-title=\"Angolanos reagem \u00e0s escolhas de Pedro Gon\u00e7alves para a dupla jornada qualificativa ao Mundial das Am\u00e9ricas\"\n\t\t\t\t\t\tdata-qtmplayer-artist=\"Patr\u00edcia Campos\"\n\t\t\t\t\t\tdata-qtmplayer-link=\"https:\/\/rna.ao\/rna.ao\/2025\/03\/13\/angolanos-reagem-as-escolhas-de-pedro-goncalves-para-a-dupla-jornada-qualificativa-ao-mundial-das-americas\/\"\n\t\t\t\t\t\tdata-qtmplayer-icon=\"file_download\"\n\t\t\t\t\t\tdata-qtmplayer-type=\"track\"\n\t\t\t class=\"qtmplayer-play qtmplayer-link-sec qtmplayer-play-btn\"><i class='material-icons'>play_arrow<\/i><\/span>\n\t\t<p>\n\t\t\t<span class=\"qtmplayer-tit\">Angolanos reagem \u00e0s escolhas de Pedro Gon\u00e7alves para a dupla jornada qualificativa ao Mundial das Am\u00e9ricas<\/span>\n\t\t\t<span class=\"qtmplayer-art\">Patr\u00edcia Campos<\/span>\n\t\t<\/p>\n\t<\/li>\n\t\t<\/ul>\n\t<\/div>\t\t\t\n\t\n<p style=\"font-weight: 400;\">Constam da convocat\u00f3ria tr\u00eas guarda-redes, um deles, o jovem Nsesani Sim\u00e3o, presentemente a defender as cores do Sagrada Esperan\u00e7a da Lunda Norte. Reagindo \u00e0 convoca\u00e7\u00e3o pelo t\u00e9cnico nacional, deixou claro que est\u00e1 pronto para trabalhar e tudo vai fazer para honrar as cores nacionais.\u00a0Clique, no \u00e1udio e ou\u00e7a:<\/p>\n\t<div class=\"qtmplayer-playlist-large\">\n\t\t<ul class=\"qtmplayer-playlist\">\n\t\t\t\n\t\t\t\t\t<li class=\"qtmplayer-trackitem\">\n\t\t<img src=\"https:\/\/rna.ao\/rna.ao\/wp-content\/uploads\/2024\/09\/selecao-nacional-de-futebol-de-Sub-20-100x100.jpg\" alt=\"cover\">\t\t<span \t\t\tdata-qtmplayer-cover=\"https:\/\/rna.ao\/rna.ao\/wp-content\/uploads\/2024\/09\/selecao-nacional-de-futebol-de-Sub-20.jpg\"\n\t\t\t\t\t\tdata-qtmplayer-file=\"https:\/\/rna.ao\/rna.ao\/wp-content\/uploads\/2025\/03\/P-J-4-NSENZANE-SIMAO-13-03-25.mp3\"\n\t\t\t\t\t\tdata-qtmplayer-title=\"Angolanos reagem \u00e0s escolhas de Pedro Gon\u00e7alves para a dupla jornada qualificativa ao Mundial das Am\u00e9ricas\"\n\t\t\t\t\t\tdata-qtmplayer-artist=\"Patr\u00edcia Campos\"\n\t\t\t\t\t\tdata-qtmplayer-link=\"https:\/\/rna.ao\/rna.ao\/2025\/03\/13\/angolanos-reagem-as-escolhas-de-pedro-goncalves-para-a-dupla-jornada-qualificativa-ao-mundial-das-americas\/\"\n\t\t\t\t\t\tdata-qtmplayer-icon=\"file_download\"\n\t\t\t\t\t\tdata-qtmplayer-type=\"track\"\n\t\t\t class=\"qtmplayer-play qtmplayer-link-sec qtmplayer-play-btn\"><i class='material-icons'>play_arrow<\/i><\/span>\n\t\t<p>\n\t\t\t<span class=\"qtmplayer-tit\">Angolanos reagem \u00e0s escolhas de Pedro Gon\u00e7alves para a dupla jornada qualificativa ao Mundial das Am\u00e9ricas<\/span>\n\t\t\t<span class=\"qtmplayer-art\">Patr\u00edcia Campos<\/span>\n\t\t<\/p>\n\t<\/li>\n\t\t<\/ul>\n\t<\/div>\t\t\t\n\t\n<p style=\"font-weight: 400;\">Pelo pa\u00eds os amantes do Futebol e da sua sele\u00e7\u00e3o nacional v\u00e3o reagindo \u00e0s escolhas do t\u00e9cnico nacional. Em Cabinda, Paulo Andr\u00e9 Simbo, aplaude a convoca\u00e7\u00e3o de novos jogadores, ele que considera \u00a0equilibrada a convocat\u00f3ria do t\u00e9cnico nacional.\u00a0Clique, no \u00e1udio e ou\u00e7a:<\/p>\n\t<div class=\"qtmplayer-playlist-large\">\n\t\t<ul class=\"qtmplayer-playlist\">\n\t\t\t\n\t\t\t\t\t<li class=\"qtmplayer-trackitem\">\n\t\t<img src=\"https:\/\/rna.ao\/rna.ao\/wp-content\/uploads\/2024\/09\/selecao-nacional-de-futebol-de-Sub-20-100x100.jpg\" alt=\"cover\">\t\t<span \t\t\tdata-qtmplayer-cover=\"https:\/\/rna.ao\/rna.ao\/wp-content\/uploads\/2024\/09\/selecao-nacional-de-futebol-de-Sub-20.jpg\"\n\t\t\t\t\t\tdata-qtmplayer-file=\"https:\/\/rna.ao\/rna.ao\/wp-content\/uploads\/2025\/03\/P-J-5-ADEPTO-CABINDA-13-03-25.mp3\"\n\t\t\t\t\t\tdata-qtmplayer-title=\"Angolanos reagem \u00e0s escolhas de Pedro Gon\u00e7alves para a dupla jornada qualificativa ao Mundial das Am\u00e9ricas\"\n\t\t\t\t\t\tdata-qtmplayer-artist=\"Patr\u00edcia Campos\"\n\t\t\t\t\t\tdata-qtmplayer-link=\"https:\/\/rna.ao\/rna.ao\/2025\/03\/13\/angolanos-reagem-as-escolhas-de-pedro-goncalves-para-a-dupla-jornada-qualificativa-ao-mundial-das-americas\/\"\n\t\t\t\t\t\tdata-qtmplayer-icon=\"file_download\"\n\t\t\t\t\t\tdata-qtmplayer-type=\"track\"\n\t\t\t class=\"qtmplayer-play qtmplayer-link-sec qtmplayer-play-btn\"><i class='material-icons'>play_arrow<\/i><\/span>\n\t\t<p>\n\t\t\t<span class=\"qtmplayer-tit\">Angolanos reagem \u00e0s escolhas de Pedro Gon\u00e7alves para a dupla jornada qualificativa ao Mundial das Am\u00e9ricas<\/span>\n\t\t\t<span class=\"qtmplayer-art\">Patr\u00edcia Campos<\/span>\n\t\t<\/p>\n\t<\/li>\n\t\t<\/ul>\n\t<\/div>\t\t\t\n\t\n<p>Ainda no norte, na Prov\u00edncia do Zaire, Ant\u00f3nio Cordeiro Vunge, um adepto de futebol, tamb\u00e9m reagiu com satisfa\u00e7\u00e3o \u00e0s escolhas do treinador nacional.\u00a0Clique, no \u00e1udio e ou\u00e7a:<\/p>\n\t<div class=\"qtmplayer-playlist-large\">\n\t\t<ul class=\"qtmplayer-playlist\">\n\t\t\t\n\t\t\t\t\t<li class=\"qtmplayer-trackitem\">\n\t\t<img src=\"https:\/\/rna.ao\/rna.ao\/wp-content\/uploads\/2024\/09\/selecao-nacional-de-futebol-de-Sub-20-100x100.jpg\" alt=\"cover\">\t\t<span \t\t\tdata-qtmplayer-cover=\"https:\/\/rna.ao\/rna.ao\/wp-content\/uploads\/2024\/09\/selecao-nacional-de-futebol-de-Sub-20.jpg\"\n\t\t\t\t\t\tdata-qtmplayer-file=\"https:\/\/rna.ao\/rna.ao\/wp-content\/uploads\/2025\/03\/P-J-6-ANTONIO-VUNGE-13-03-25.mp3\"\n\t\t\t\t\t\tdata-qtmplayer-title=\"Angolanos reagem \u00e0s escolhas de Pedro Gon\u00e7alves para a dupla jornada qualificativa ao Mundial das Am\u00e9ricas\"\n\t\t\t\t\t\tdata-qtmplayer-artist=\"Patr\u00edcia Campos\"\n\t\t\t\t\t\tdata-qtmplayer-link=\"https:\/\/rna.ao\/rna.ao\/2025\/03\/13\/angolanos-reagem-as-escolhas-de-pedro-goncalves-para-a-dupla-jornada-qualificativa-ao-mundial-das-americas\/\"\n\t\t\t\t\t\tdata-qtmplayer-icon=\"file_download\"\n\t\t\t\t\t\tdata-qtmplayer-type=\"track\"\n\t\t\t class=\"qtmplayer-play qtmplayer-link-sec qtmplayer-play-btn\"><i class='material-icons'>play_arrow<\/i><\/span>\n\t\t<p>\n\t\t\t<span class=\"qtmplayer-tit\">Angolanos reagem \u00e0s escolhas de Pedro Gon\u00e7alves para a dupla jornada qualificativa ao Mundial das Am\u00e9ricas<\/span>\n\t\t\t<span class=\"qtmplayer-art\">Patr\u00edcia Campos<\/span>\n\t\t<\/p>\n\t<\/li>\n\t\t<\/ul>\n\t<\/div>\t\t\t\n\t\n<p>A Sul, em Benguela o antigo jogador do Sporting local, Yay\u00e1 Sapalo, tem cren\u00e7a neste grupo e acredita que ter\u00e3o muito bom desempenho nos jogos de Tripoli e Luanda. Clique, no \u00e1udio e ou\u00e7a:<\/p>\n\t<div class=\"qtmplayer-playlist-large\">\n\t\t<ul class=\"qtmplayer-playlist\">\n\t\t\t\n\t\t\t\t\t<li class=\"qtmplayer-trackitem\">\n\t\t<img src=\"https:\/\/rna.ao\/rna.ao\/wp-content\/uploads\/2024\/09\/selecao-nacional-de-futebol-de-Sub-20-100x100.jpg\" alt=\"cover\">\t\t<span \t\t\tdata-qtmplayer-cover=\"https:\/\/rna.ao\/rna.ao\/wp-content\/uploads\/2024\/09\/selecao-nacional-de-futebol-de-Sub-20.jpg\"\n\t\t\t\t\t\tdata-qtmplayer-file=\"https:\/\/rna.ao\/rna.ao\/wp-content\/uploads\/2025\/03\/P-J-7-YAYA-SAPALO-13-03-25.mp3\"\n\t\t\t\t\t\tdata-qtmplayer-title=\"Angolanos reagem \u00e0s escolhas de Pedro Gon\u00e7alves para a dupla jornada qualificativa ao Mundial das Am\u00e9ricas\"\n\t\t\t\t\t\tdata-qtmplayer-artist=\"Patr\u00edcia Campos\"\n\t\t\t\t\t\tdata-qtmplayer-link=\"https:\/\/rna.ao\/rna.ao\/2025\/03\/13\/angolanos-reagem-as-escolhas-de-pedro-goncalves-para-a-dupla-jornada-qualificativa-ao-mundial-das-americas\/\"\n\t\t\t\t\t\tdata-qtmplayer-icon=\"file_download\"\n\t\t\t\t\t\tdata-qtmplayer-type=\"track\"\n\t\t\t class=\"qtmplayer-play qtmplayer-link-sec qtmplayer-play-btn\"><i class='material-icons'>play_arrow<\/i><\/span>\n\t\t<p>\n\t\t\t<span class=\"qtmplayer-tit\">Angolanos reagem \u00e0s escolhas de Pedro Gon\u00e7alves para a dupla jornada qualificativa ao Mundial das Am\u00e9ricas<\/span>\n\t\t\t<span class=\"qtmplayer-art\">Patr\u00edcia Campos<\/span>\n\t\t<\/p>\n\t<\/li>\n\t\t<\/ul>\n\t<\/div>\t\t\t\n\t\n<p style=\"font-weight: 400;\">De salientar que no domingo acontece a concentra\u00e7\u00e3o dos atletas que evoluem no pa\u00eds, enquanto segunda-feira(17) ser\u00e1 o embarque a Portugal, onde come\u00e7ar\u00e1 a ser projectado o duplo compromisso qualificativo pelo grupo D \u00e0 fase final do Mundial de 2026 nas Am\u00e9ricas.\u00a0Recorde-se que para essa dupla empreitada o selecionador nacional convocou 27 jogadores, onde se destacam as estreias de Andr\u00e9\u00a0 Vidigal\u00a0 do Stoke\u00a0 City da Inglaterra e Afemico Pululu do Jagiellonia Blatystok da Pol\u00f3nia, assim como os regressos de Benson do Burnley do Championship, a 2\u00aa divis\u00e3o inglesa e Beny Mukendy do Casa Pia da Liga Portuguesa.<\/p>\n<p>Nesta altura, Angola ocupa o 4\u00ba lugar com 6 pontos. A lideran\u00e7a \u00e9 dos Camar\u00f5es com 8, vindo em 2\u00ba e 3\u00ba com os mesmos 7 pontos, a L\u00edbia e Cabo-Verde.<\/p>\n","protected":false},"excerpt":{"rendered":"<p>A cidade de Tripoli, capital da L\u00edbia inaugurou muito recentemente duas infra-estruturas de alto n\u00edvel e de qualidade real\u00e7\u00e1vel, perspetivando jogos de alto quilate. Entretanto est\u00e1 a apresentar como palco para o jogo com os Palancas Negras, um est\u00e1dio de relva sint\u00e9tica, que est\u00e1 a tirar o sono ao selecionador ...<\/p>\n","protected":false},"author":21,"featured_media":156666,"comment_status":"closed","ping_status":"closed","sticky":false,"template":"","format":"standard","meta":[],"categories":[145,125,164],"tags":[],"_links":{"self":[{"href":"https:\/\/rna.ao\/rna.ao\/wp-json\/wp\/v2\/posts\/171082"}],"collection":[{"href":"https:\/\/rna.ao\/rna.ao\/wp-json\/wp\/v2\/posts"}],"about":[{"href":"https:\/\/rna.ao\/rna.ao\/wp-json\/wp\/v2\/types\/post"}],"author":[{"embeddable":true,"href":"https:\/\/rna.ao\/rna.ao\/wp-json\/wp\/v2\/users\/21"}],"replies":[{"embeddable":true,"href":"https:\/\/rna.ao\/rna.ao\/wp-json\/wp\/v2\/comments?post=171082"}],"version-history":[{"count":1,"href":"https:\/\/rna.ao\/rna.ao\/wp-json\/wp\/v2\/posts\/171082\/revisions"}],"predecessor-version":[{"id":171089,"href":"https:\/\/rna.ao\/rna.ao\/wp-json\/wp\/v2\/posts\/171082\/revisions\/171089"}],"wp:featuredmedia":[{"embeddable":true,"href":"https:\/\/rna.ao\/rna.ao\/wp-json\/wp\/v2\/media\/156666"}],"wp:attachment":[{"href":"https:\/\/rna.ao\/rna.ao\/wp-json\/wp\/v2\/media?parent=171082"}],"wp:term":[{"taxonomy":"category","embeddable":true,"href":"https:\/\/rna.ao\/rna.ao\/wp-json\/wp\/v2\/categories?post=171082"},{"taxonomy":"post_tag","embeddable":true,"href":"https:\/\/rna.ao\/rna.ao\/wp-json\/wp\/v2\/tags?post=171082"}],"curies":[{"name":"wp","href":"https:\/\/api.w.org\/{rel}","templated":true}]}}