{"id":171051,"date":"2025-03-12T23:04:59","date_gmt":"2025-03-12T22:04:59","guid":{"rendered":"https:\/\/rna.ao\/rna.ao\/?p=171051"},"modified":"2025-03-12T23:04:59","modified_gmt":"2025-03-12T22:04:59","slug":"detido-um-dos-cidadaos-acusados-de-raptar-um-menor-em-uma-escola-no-municipio-do-rangel-para-extorquir-800-mil-kwanzas-aos-pais","status":"publish","type":"post","link":"https:\/\/rna.ao\/rna.ao\/2025\/03\/12\/detido-um-dos-cidadaos-acusados-de-raptar-um-menor-em-uma-escola-no-municipio-do-rangel-para-extorquir-800-mil-kwanzas-aos-pais\/","title":{"rendered":"Detido um dos cidad\u00e3os acusados de raptar um menor em uma escola no munic\u00edpio do Rangel para extorquir 800 mil kwanzas aos pais"},"content":{"rendered":"<p><img loading=\"lazy\" class=\"alignnone size-medium wp-image-171052\" src=\"https:\/\/rna.ao\/rna.ao\/wp-content\/uploads\/2025\/03\/IMG_1246-770x770.jpeg\" alt=\"\" width=\"770\" height=\"770\" srcset=\"https:\/\/rna.ao\/rna.ao\/wp-content\/uploads\/2025\/03\/IMG_1246-770x770.jpeg 770w, https:\/\/rna.ao\/rna.ao\/wp-content\/uploads\/2025\/03\/IMG_1246-150x150.jpeg 150w, https:\/\/rna.ao\/rna.ao\/wp-content\/uploads\/2025\/03\/IMG_1246-768x769.jpeg 768w, https:\/\/rna.ao\/rna.ao\/wp-content\/uploads\/2025\/03\/IMG_1246-100x100.jpeg 100w, https:\/\/rna.ao\/rna.ao\/wp-content\/uploads\/2025\/03\/IMG_1246-370x370.jpeg 370w, https:\/\/rna.ao\/rna.ao\/wp-content\/uploads\/2025\/03\/IMG_1246.jpeg 1080w\" sizes=\"(max-width: 770px) 100vw, 770px\" \/>A Pol\u00edcia Nacional deteve, esta quarta-feira, em Luanda, um dos cidad\u00e3os acusados de raptar um menor de idade em uma escola no munic\u00edpio do Rangel, com objectivo de tentar extorquir 800 mil kwanzas aos pais da crian\u00e7a.<\/p>\n<p>De acordo com dados da Pol\u00edcia, o acusado aproveitando-se do facto de saber que o menino estudava no Rangel, porque era colega do pai da crian\u00e7a, pois fazem ambos trabalhos de repara\u00e7\u00e3o de telem\u00f3veis no mercado dos congolenses, rapta o menino e de seguida inicia o processo de negocia\u00e7\u00e3o com os pais do mesmo.<\/p>\n<p>O detido e mais um comparsa, ainda foragido, come\u00e7aram a negociar com a m\u00e3e do menor e ao longo da viagem, do centro da cidade para o munic\u00edpio de Viana, o indiv\u00edduo foi ligando com v\u00e1rios n\u00fameros. Na medida que telefonava partia o chip e deitava fora para n\u00e3o ser descoberto.<\/p>\n<p>Aflitos com a situa\u00e7\u00e3o, os pais decidem participar o rapto \u00e0 Pol\u00edcia, tendo as for\u00e7as da ordem envolvido inspectores criminais do DIIP.<\/p>\n<p>Volvidas algumas horas ap\u00f3s a entrada da Pol\u00edcia em ac\u00e7\u00e3o, o cidad\u00e3o foi detido e o menor localizado no Parque Inter-provincial da MACON.<\/p>\n<p>A m\u00e3e contou ter vivido um verdadeiro pesadelo, na medida em que o acusado fazias chantagens ao telefone e exigiam 800 mil kwanzas para libertar o menino.<\/p>\n<p>A Pol\u00edcia garante que vai continuar a trabalhar para a deten\u00e7\u00e3o do outro elemento implicado no crime de rapto do menor e encaminhar ao Minist\u00e9rio P\u00fablico, para responderem criminalmente.<\/p>\n<p>&nbsp;<\/p>\n<p>Por: GV<\/p>\n","protected":false},"excerpt":{"rendered":"<p>A Pol\u00edcia Nacional deteve, esta quarta-feira, em Luanda, um dos cidad\u00e3os acusados de raptar um menor de idade em uma escola no munic\u00edpio do Rangel, com objectivo de tentar extorquir 800 mil kwanzas aos pais da crian\u00e7a. De acordo com dados da Pol\u00edcia, o acusado aproveitando-se do facto de saber ...<\/p>\n","protected":false},"author":16,"featured_media":171052,"comment_status":"closed","ping_status":"closed","sticky":false,"template":"","format":"standard","meta":[],"categories":[142,121,141,133],"tags":[],"_links":{"self":[{"href":"https:\/\/rna.ao\/rna.ao\/wp-json\/wp\/v2\/posts\/171051"}],"collection":[{"href":"https:\/\/rna.ao\/rna.ao\/wp-json\/wp\/v2\/posts"}],"about":[{"href":"https:\/\/rna.ao\/rna.ao\/wp-json\/wp\/v2\/types\/post"}],"author":[{"embeddable":true,"href":"https:\/\/rna.ao\/rna.ao\/wp-json\/wp\/v2\/users\/16"}],"replies":[{"embeddable":true,"href":"https:\/\/rna.ao\/rna.ao\/wp-json\/wp\/v2\/comments?post=171051"}],"version-history":[{"count":1,"href":"https:\/\/rna.ao\/rna.ao\/wp-json\/wp\/v2\/posts\/171051\/revisions"}],"predecessor-version":[{"id":171053,"href":"https:\/\/rna.ao\/rna.ao\/wp-json\/wp\/v2\/posts\/171051\/revisions\/171053"}],"wp:featuredmedia":[{"embeddable":true,"href":"https:\/\/rna.ao\/rna.ao\/wp-json\/wp\/v2\/media\/171052"}],"wp:attachment":[{"href":"https:\/\/rna.ao\/rna.ao\/wp-json\/wp\/v2\/media?parent=171051"}],"wp:term":[{"taxonomy":"category","embeddable":true,"href":"https:\/\/rna.ao\/rna.ao\/wp-json\/wp\/v2\/categories?post=171051"},{"taxonomy":"post_tag","embeddable":true,"href":"https:\/\/rna.ao\/rna.ao\/wp-json\/wp\/v2\/tags?post=171051"}],"curies":[{"name":"wp","href":"https:\/\/api.w.org\/{rel}","templated":true}]}}