{"id":171027,"date":"2025-03-12T17:27:22","date_gmt":"2025-03-12T16:27:22","guid":{"rendered":"https:\/\/rna.ao\/rna.ao\/?p=171027"},"modified":"2025-03-12T17:27:22","modified_gmt":"2025-03-12T16:27:22","slug":"operadores-turisticos-apresentam-no-salao-mundial-do-turismo-que-vai-decorrer-em-franca-as-melhores-ofertas-de-angola","status":"publish","type":"post","link":"https:\/\/rna.ao\/rna.ao\/2025\/03\/12\/operadores-turisticos-apresentam-no-salao-mundial-do-turismo-que-vai-decorrer-em-franca-as-melhores-ofertas-de-angola\/","title":{"rendered":"Operadores tur\u00edsticos apresentam no Sal\u00e3o Mundial do Turismo que vai decorrer em Fran\u00e7a as melhores ofertas de Angola"},"content":{"rendered":"<p><img loading=\"lazy\" class=\"alignnone size-full wp-image-171028\" src=\"https:\/\/rna.ao\/rna.ao\/wp-content\/uploads\/2025\/03\/IMG_1242.jpeg\" alt=\"\" width=\"620\" height=\"348\" \/>Angola estar\u00e1 presente a partir de amanh\u00e3 no Sal\u00e3o Mundial do Turismo 2025, que decorre de 13 a 16 de mar\u00e7o, em Paris, Fran\u00e7a.<\/p>\n<p>Sob o lema \u201cDestino Angola\u201d, o pa\u00eds vai apresentar-se como um destino tur\u00edstico vibrante, aut\u00eantico e repleto de experi\u00eancias.<\/p>\n<p>S\u00e3o convidados todos os visitantes a descobrir a diversidade natural e cultural de Angola atrav\u00e9s de um programa no Stand F34, onde operadores tur\u00edsticos e especialistas do sector apresentar\u00e3o as melhores ofertas para quem deseja explorar Angola.<\/p>\n<p>O programa destaca uma Confer\u00eancia \u201cDestino Angola\u201d, uma oportunidade \u00fanica para conhecer pacotes tur\u00edsticos inovadores que prometem revelar o melhor de Angola, desde as praias \u00e0s paisagens e ainda a riqueza cultural do pa\u00eds.<\/p>\n<p>O Sal\u00e3o Mundial do Turismo ser\u00e1 tamb\u00e9m palco de uma celebra\u00e7\u00e3o da cultura angolana, com actua\u00e7\u00e3o do grupo Vindjomba e da banda musical Angocultura.<\/p>\n<p>O evento contar\u00e1 ainda com a performance de Eduard Seleka com os seus sons aut\u00eanticos da Dikanza e da Marimba.<\/p>\n<p>Al\u00e9m da m\u00fasica e da dan\u00e7a, os visitantes poder\u00e3o degustar o famoso caf\u00e9 angolano, bem como quitutes e outras iguarias t\u00edpicas.<\/p>\n","protected":false},"excerpt":{"rendered":"<p>Angola estar\u00e1 presente a partir de amanh\u00e3 no Sal\u00e3o Mundial do Turismo 2025, que decorre de 13 a 16 de mar\u00e7o, em Paris, Fran\u00e7a. Sob o lema \u201cDestino Angola\u201d, o pa\u00eds vai apresentar-se como um destino tur\u00edstico vibrante, aut\u00eantico e repleto de experi\u00eancias. S\u00e3o convidados todos os visitantes a descobrir ...<\/p>\n","protected":false},"author":16,"featured_media":171028,"comment_status":"closed","ping_status":"closed","sticky":false,"template":"","format":"standard","meta":[],"categories":[142,121,164,163,1],"tags":[],"_links":{"self":[{"href":"https:\/\/rna.ao\/rna.ao\/wp-json\/wp\/v2\/posts\/171027"}],"collection":[{"href":"https:\/\/rna.ao\/rna.ao\/wp-json\/wp\/v2\/posts"}],"about":[{"href":"https:\/\/rna.ao\/rna.ao\/wp-json\/wp\/v2\/types\/post"}],"author":[{"embeddable":true,"href":"https:\/\/rna.ao\/rna.ao\/wp-json\/wp\/v2\/users\/16"}],"replies":[{"embeddable":true,"href":"https:\/\/rna.ao\/rna.ao\/wp-json\/wp\/v2\/comments?post=171027"}],"version-history":[{"count":1,"href":"https:\/\/rna.ao\/rna.ao\/wp-json\/wp\/v2\/posts\/171027\/revisions"}],"predecessor-version":[{"id":171029,"href":"https:\/\/rna.ao\/rna.ao\/wp-json\/wp\/v2\/posts\/171027\/revisions\/171029"}],"wp:featuredmedia":[{"embeddable":true,"href":"https:\/\/rna.ao\/rna.ao\/wp-json\/wp\/v2\/media\/171028"}],"wp:attachment":[{"href":"https:\/\/rna.ao\/rna.ao\/wp-json\/wp\/v2\/media?parent=171027"}],"wp:term":[{"taxonomy":"category","embeddable":true,"href":"https:\/\/rna.ao\/rna.ao\/wp-json\/wp\/v2\/categories?post=171027"},{"taxonomy":"post_tag","embeddable":true,"href":"https:\/\/rna.ao\/rna.ao\/wp-json\/wp\/v2\/tags?post=171027"}],"curies":[{"name":"wp","href":"https:\/\/api.w.org\/{rel}","templated":true}]}}