{"id":170766,"date":"2025-03-10T09:38:36","date_gmt":"2025-03-10T08:38:36","guid":{"rendered":"https:\/\/rna.ao\/rna.ao\/?p=170766"},"modified":"2025-03-10T09:38:36","modified_gmt":"2025-03-10T08:38:36","slug":"acj-trabalha-hoje-2a-feira10-03-em-malanje","status":"publish","type":"post","link":"https:\/\/rna.ao\/rna.ao\/2025\/03\/10\/acj-trabalha-hoje-2a-feira10-03-em-malanje\/","title":{"rendered":"ACJ trabalha hoje 2\u00aa feira(10\/03)  em Malanje"},"content":{"rendered":"<p><img loading=\"lazy\" class=\"wp-image-170770 aligncenter\" src=\"https:\/\/rna.ao\/rna.ao\/wp-content\/uploads\/2025\/03\/ACJ-ADALBERTO-COSTA-770x433.jpg\" alt=\"\" width=\"391\" height=\"220\" srcset=\"https:\/\/rna.ao\/rna.ao\/wp-content\/uploads\/2025\/03\/ACJ-ADALBERTO-COSTA-770x433.jpg 770w, https:\/\/rna.ao\/rna.ao\/wp-content\/uploads\/2025\/03\/ACJ-ADALBERTO-COSTA-1170x658.jpg 1170w, https:\/\/rna.ao\/rna.ao\/wp-content\/uploads\/2025\/03\/ACJ-ADALBERTO-COSTA-768x432.jpg 768w, https:\/\/rna.ao\/rna.ao\/wp-content\/uploads\/2025\/03\/ACJ-ADALBERTO-COSTA.jpg 1280w\" sizes=\"(max-width: 391px) 100vw, 391px\" \/>O Presidente da UNITA que trabalhou no leste do pa\u00eds, \u00e9 aguardado esta na cidade de Malanje a realizar actividade de radiografia da Prov\u00edncia da Palanca Negra. Na capital malanjina, Adalberto Costa J\u00fanior vai ouvir da Direc\u00e7\u00e3o da UNITA, o trabalho pol\u00edtico-partid\u00e1rio de momento, e baixar orienta\u00e7\u00f5es. Clique, no \u00e1udio abaixo, e saiba mais com o jornalista Cust\u00f3dio Fernando:<\/p>\n\t<div class=\"qtmplayer-playlist-large\">\n\t\t<ul class=\"qtmplayer-playlist\">\n\t\t\t\n\t\t\t\t\t<li class=\"qtmplayer-trackitem\">\n\t\t<img src=\"https:\/\/rna.ao\/rna.ao\/wp-content\/uploads\/2025\/03\/adalberto-costa-junior-ACJ-100x100.jpg\" alt=\"cover\">\t\t<span \t\t\tdata-qtmplayer-cover=\"https:\/\/rna.ao\/rna.ao\/wp-content\/uploads\/2025\/03\/adalberto-costa-junior-ACJ-370x370.jpg\"\n\t\t\t\t\t\tdata-qtmplayer-file=\"https:\/\/rna.ao\/rna.ao\/wp-content\/uploads\/2025\/03\/MALANJE-UNITA-20-HRS.mp3\"\n\t\t\t\t\t\tdata-qtmplayer-title=\"ACJ trabalha hoje 2\u00aa feira(10\/03)  em Malanje\"\n\t\t\t\t\t\tdata-qtmplayer-artist=\"Carla Quipungo\"\n\t\t\t\t\t\tdata-qtmplayer-link=\"https:\/\/rna.ao\/rna.ao\/2025\/03\/10\/acj-trabalha-hoje-2a-feira10-03-em-malanje\/\"\n\t\t\t\t\t\tdata-qtmplayer-icon=\"file_download\"\n\t\t\t\t\t\tdata-qtmplayer-type=\"track\"\n\t\t\t class=\"qtmplayer-play qtmplayer-link-sec qtmplayer-play-btn\"><i class='material-icons'>play_arrow<\/i><\/span>\n\t\t<p>\n\t\t\t<span class=\"qtmplayer-tit\">ACJ trabalha hoje 2\u00aa feira(10\/03)  em Malanje<\/span>\n\t\t\t<span class=\"qtmplayer-art\">Carla Quipungo<\/span>\n\t\t<\/p>\n\t<\/li>\n\t\t<\/ul>\n\t<\/div>\t\t\t\n\t\n","protected":false},"excerpt":{"rendered":"<p>O Presidente da UNITA que trabalhou no leste do pa\u00eds, \u00e9 aguardado esta na cidade de Malanje a realizar actividade de radiografia da Prov\u00edncia da Palanca Negra. Na capital malanjina, Adalberto Costa J\u00fanior vai ouvir da Direc\u00e7\u00e3o da UNITA, o trabalho pol\u00edtico-partid\u00e1rio de momento, e baixar orienta\u00e7\u00f5es. Clique, no \u00e1udio ...<\/p>\n","protected":false},"author":9,"featured_media":170771,"comment_status":"closed","ping_status":"closed","sticky":false,"template":"","format":"standard","meta":[],"categories":[142,121,163],"tags":[],"_links":{"self":[{"href":"https:\/\/rna.ao\/rna.ao\/wp-json\/wp\/v2\/posts\/170766"}],"collection":[{"href":"https:\/\/rna.ao\/rna.ao\/wp-json\/wp\/v2\/posts"}],"about":[{"href":"https:\/\/rna.ao\/rna.ao\/wp-json\/wp\/v2\/types\/post"}],"author":[{"embeddable":true,"href":"https:\/\/rna.ao\/rna.ao\/wp-json\/wp\/v2\/users\/9"}],"replies":[{"embeddable":true,"href":"https:\/\/rna.ao\/rna.ao\/wp-json\/wp\/v2\/comments?post=170766"}],"version-history":[{"count":1,"href":"https:\/\/rna.ao\/rna.ao\/wp-json\/wp\/v2\/posts\/170766\/revisions"}],"predecessor-version":[{"id":170772,"href":"https:\/\/rna.ao\/rna.ao\/wp-json\/wp\/v2\/posts\/170766\/revisions\/170772"}],"wp:featuredmedia":[{"embeddable":true,"href":"https:\/\/rna.ao\/rna.ao\/wp-json\/wp\/v2\/media\/170771"}],"wp:attachment":[{"href":"https:\/\/rna.ao\/rna.ao\/wp-json\/wp\/v2\/media?parent=170766"}],"wp:term":[{"taxonomy":"category","embeddable":true,"href":"https:\/\/rna.ao\/rna.ao\/wp-json\/wp\/v2\/categories?post=170766"},{"taxonomy":"post_tag","embeddable":true,"href":"https:\/\/rna.ao\/rna.ao\/wp-json\/wp\/v2\/tags?post=170766"}],"curies":[{"name":"wp","href":"https:\/\/api.w.org\/{rel}","templated":true}]}}