{"id":170626,"date":"2025-03-08T12:43:43","date_gmt":"2025-03-08T11:43:43","guid":{"rendered":"https:\/\/rna.ao\/rna.ao\/?p=170626"},"modified":"2025-03-08T12:43:43","modified_gmt":"2025-03-08T11:43:43","slug":"lei-contra-a-violencia-domestica-em-angola-sera-agravada","status":"publish","type":"post","link":"https:\/\/rna.ao\/rna.ao\/2025\/03\/08\/lei-contra-a-violencia-domestica-em-angola-sera-agravada\/","title":{"rendered":"Lei Contra a Viol\u00eancia Dom\u00e9stica em Angola ser\u00e1 agravada"},"content":{"rendered":"<p><img loading=\"lazy\" class=\"alignnone size-full wp-image-12510\" src=\"https:\/\/rna.ao\/rna.ao\/wp-content\/uploads\/2020\/12\/violencia-domestica.jpg\" alt=\"\" width=\"300\" height=\"180\" \/>A Lei contra a viol\u00eancia dom\u00e9stica em Angola, vai ser agravada.<\/p>\n<p>A revela\u00e7\u00e3o \u00e9 da Directora Nacional para Pol\u00edticas Familiares do Minist\u00e9rio da Ac\u00e7\u00e3o Social Fam\u00edlia e Promo\u00e7\u00e3o da Mulher, Santa Ernesto.<\/p>\n<p>A respons\u00e1vel adianta que o diploma j\u00e1 passou por uma consulta p\u00fablica. Clique no \u00e1udio e ou\u00e7a:<\/p>\n\t<div class=\"qtmplayer-playlist-large\">\n\t\t<ul class=\"qtmplayer-playlist\">\n\t\t\t\n\t\t\t\t\t<li class=\"qtmplayer-trackitem\">\n\t\t<img src=\"https:\/\/rna.ao\/rna.ao\/wp-content\/uploads\/2020\/12\/violencia-domestica-100x100.jpg\" alt=\"cover\">\t\t<span \t\t\tdata-qtmplayer-cover=\"https:\/\/rna.ao\/rna.ao\/wp-content\/uploads\/2020\/12\/violencia-domestica.jpg\"\n\t\t\t\t\t\tdata-qtmplayer-file=\"https:\/\/rna.ao\/rna.ao\/wp-content\/uploads\/2025\/03\/SANTA-ERNESTO-1-07HRS.mp3\"\n\t\t\t\t\t\tdata-qtmplayer-title=\"Lei Contra a Viol\u00eancia Dom\u00e9stica em Angola ser\u00e1 agravada\"\n\t\t\t\t\t\tdata-qtmplayer-artist=\"Juliana Nunes\"\n\t\t\t\t\t\tdata-qtmplayer-link=\"https:\/\/rna.ao\/rna.ao\/2025\/03\/08\/lei-contra-a-violencia-domestica-em-angola-sera-agravada\/\"\n\t\t\t\t\t\tdata-qtmplayer-icon=\"file_download\"\n\t\t\t\t\t\tdata-qtmplayer-type=\"track\"\n\t\t\t class=\"qtmplayer-play qtmplayer-link-sec qtmplayer-play-btn\"><i class='material-icons'>play_arrow<\/i><\/span>\n\t\t<p>\n\t\t\t<span class=\"qtmplayer-tit\">Lei Contra a Viol\u00eancia Dom\u00e9stica em Angola ser\u00e1 agravada<\/span>\n\t\t\t<span class=\"qtmplayer-art\">Juliana Nunes<\/span>\n\t\t<\/p>\n\t<\/li>\n\t\t<\/ul>\n\t<\/div>\t\t\t\n\t\n<p>Santa Ernesto, fala tamb\u00e9m dos avan\u00e7os registados em rela\u00e7\u00e3o a defesa dos direitos da mulher. Clique no \u00e1udio e ou\u00e7a:<\/p>\n\t<div class=\"qtmplayer-playlist-large\">\n\t\t<ul class=\"qtmplayer-playlist\">\n\t\t\t\n\t\t\t\t\t<li class=\"qtmplayer-trackitem\">\n\t\t<img src=\"https:\/\/rna.ao\/rna.ao\/wp-content\/uploads\/2020\/12\/violencia-domestica-100x100.jpg\" alt=\"cover\">\t\t<span \t\t\tdata-qtmplayer-cover=\"https:\/\/rna.ao\/rna.ao\/wp-content\/uploads\/2020\/12\/violencia-domestica.jpg\"\n\t\t\t\t\t\tdata-qtmplayer-file=\"https:\/\/rna.ao\/rna.ao\/wp-content\/uploads\/2025\/03\/SANTA-ERNESTO-2-07HRS.mp3\"\n\t\t\t\t\t\tdata-qtmplayer-title=\"Lei Contra a Viol\u00eancia Dom\u00e9stica em Angola ser\u00e1 agravada\"\n\t\t\t\t\t\tdata-qtmplayer-artist=\"Juliana Nunes\"\n\t\t\t\t\t\tdata-qtmplayer-link=\"https:\/\/rna.ao\/rna.ao\/2025\/03\/08\/lei-contra-a-violencia-domestica-em-angola-sera-agravada\/\"\n\t\t\t\t\t\tdata-qtmplayer-icon=\"file_download\"\n\t\t\t\t\t\tdata-qtmplayer-type=\"track\"\n\t\t\t class=\"qtmplayer-play qtmplayer-link-sec qtmplayer-play-btn\"><i class='material-icons'>play_arrow<\/i><\/span>\n\t\t<p>\n\t\t\t<span class=\"qtmplayer-tit\">Lei Contra a Viol\u00eancia Dom\u00e9stica em Angola ser\u00e1 agravada<\/span>\n\t\t\t<span class=\"qtmplayer-art\">Juliana Nunes<\/span>\n\t\t<\/p>\n\t<\/li>\n\t\t<\/ul>\n\t<\/div>\t\t\t\n\t\n","protected":false},"excerpt":{"rendered":"<p>A Lei contra a viol\u00eancia dom\u00e9stica em Angola, vai ser agravada. A revela\u00e7\u00e3o \u00e9 da Directora Nacional para Pol\u00edticas Familiares do Minist\u00e9rio da Ac\u00e7\u00e3o Social Fam\u00edlia e Promo\u00e7\u00e3o da Mulher, Santa Ernesto. A respons\u00e1vel adianta que o diploma j\u00e1 passou por uma consulta p\u00fablica. Clique no \u00e1udio e ou\u00e7a: Santa ...<\/p>\n","protected":false},"author":16,"featured_media":12510,"comment_status":"closed","ping_status":"closed","sticky":false,"template":"","format":"standard","meta":[],"categories":[142,121,164,163],"tags":[],"_links":{"self":[{"href":"https:\/\/rna.ao\/rna.ao\/wp-json\/wp\/v2\/posts\/170626"}],"collection":[{"href":"https:\/\/rna.ao\/rna.ao\/wp-json\/wp\/v2\/posts"}],"about":[{"href":"https:\/\/rna.ao\/rna.ao\/wp-json\/wp\/v2\/types\/post"}],"author":[{"embeddable":true,"href":"https:\/\/rna.ao\/rna.ao\/wp-json\/wp\/v2\/users\/16"}],"replies":[{"embeddable":true,"href":"https:\/\/rna.ao\/rna.ao\/wp-json\/wp\/v2\/comments?post=170626"}],"version-history":[{"count":1,"href":"https:\/\/rna.ao\/rna.ao\/wp-json\/wp\/v2\/posts\/170626\/revisions"}],"predecessor-version":[{"id":170629,"href":"https:\/\/rna.ao\/rna.ao\/wp-json\/wp\/v2\/posts\/170626\/revisions\/170629"}],"wp:featuredmedia":[{"embeddable":true,"href":"https:\/\/rna.ao\/rna.ao\/wp-json\/wp\/v2\/media\/12510"}],"wp:attachment":[{"href":"https:\/\/rna.ao\/rna.ao\/wp-json\/wp\/v2\/media?parent=170626"}],"wp:term":[{"taxonomy":"category","embeddable":true,"href":"https:\/\/rna.ao\/rna.ao\/wp-json\/wp\/v2\/categories?post=170626"},{"taxonomy":"post_tag","embeddable":true,"href":"https:\/\/rna.ao\/rna.ao\/wp-json\/wp\/v2\/tags?post=170626"}],"curies":[{"name":"wp","href":"https:\/\/api.w.org\/{rel}","templated":true}]}}