{"id":17021,"date":"2021-02-11T07:56:24","date_gmt":"2021-02-11T06:56:24","guid":{"rendered":"https:\/\/rna.ao\/rna.ao\/?p=17021"},"modified":"2021-02-11T13:41:13","modified_gmt":"2021-02-11T12:41:13","slug":"processo-de-empregabilidade-huambo-conta-com-cinfotec","status":"publish","type":"post","link":"https:\/\/rna.ao\/rna.ao\/2021\/02\/11\/processo-de-empregabilidade-huambo-conta-com-cinfotec\/","title":{"rendered":"Processo de empregabilidade: Huambo conta com CINFOTEC"},"content":{"rendered":"<p class=\"MsoNormal\"><span style=\"font-family: 'Book Antiqua', serif; font-size: 16pt;\"><img loading=\"lazy\" class=\"size-full wp-image-17023 alignleft\" src=\"https:\/\/rna.ao\/rna.ao\/wp-content\/uploads\/2021\/02\/CINFOTEC.jpg\" alt=\"\" width=\"297\" height=\"198\" \/>A Prov\u00edncia do Huambo vai contar com um Centro Integrado de Forma\u00e7\u00e3o Tecnol\u00f3gica (CINFOTEC).<\/span><\/p>\n<p class=\"MsoNormal\"><span style=\"font-size: 16.0pt; line-height: 115%; font-family: 'Book Antiqua','serif';\">O centro vai ser constru\u00eddo no \u00e2mbito do Programa de Ac\u00e7\u00e3o para a Empregabilidade. Saiba toda informa\u00e7\u00e3o, abaixo, na reportagem com Ad\u00e9rito Gaieta:<\/span><\/p>\n\t<div class=\"qtmplayer-playlist-large\">\n\t\t<ul class=\"qtmplayer-playlist\">\n\t\t\t\n\t\t\t\t\t<li class=\"qtmplayer-trackitem\">\n\t\t<img src=\"https:\/\/rna.ao\/rna.ao\/wp-content\/uploads\/2021\/02\/CINFOTEC-100x100.jpg\" alt=\"cover\">\t\t<span \t\t\tdata-qtmplayer-cover=\"https:\/\/rna.ao\/rna.ao\/wp-content\/uploads\/2021\/02\/CINFOTEC.jpg\"\n\t\t\t\t\t\tdata-qtmplayer-file=\"https:\/\/rna.ao\/rna.ao\/wp-content\/uploads\/2021\/02\/ADERITO-GAIETA-11-02-21.mp3\"\n\t\t\t\t\t\tdata-qtmplayer-title=\"Processo de empregabilidade: Huambo conta com CINFOTEC\"\n\t\t\t\t\t\tdata-qtmplayer-artist=\"RNA\"\n\t\t\t\t\t\tdata-qtmplayer-link=\"https:\/\/rna.ao\/rna.ao\/2021\/02\/11\/processo-de-empregabilidade-huambo-conta-com-cinfotec\/\"\n\t\t\t\t\t\tdata-qtmplayer-icon=\"file_download\"\n\t\t\t\t\t\tdata-qtmplayer-type=\"track\"\n\t\t\t class=\"qtmplayer-play qtmplayer-link-sec qtmplayer-play-btn\"><i class='material-icons'>play_arrow<\/i><\/span>\n\t\t<p>\n\t\t\t<span class=\"qtmplayer-tit\">Processo de empregabilidade: Huambo conta com CINFOTEC<\/span>\n\t\t\t<span class=\"qtmplayer-art\">RNA<\/span>\n\t\t<\/p>\n\t<\/li>\n\t\t<\/ul>\n\t<\/div>\t\t\t\n\t\n<p class=\"MsoNormal\"><span style=\"font-size: 16.0pt; line-height: 115%; font-family: 'Book Antiqua','serif';\">Fonte: RNA<\/span><\/p>\n","protected":false},"excerpt":{"rendered":"<p>A Prov\u00edncia do Huambo vai contar com um Centro Integrado de Forma\u00e7\u00e3o Tecnol\u00f3gica (CINFOTEC). O centro vai ser constru\u00eddo no \u00e2mbito do Programa de Ac\u00e7\u00e3o para a Empregabilidade. Saiba toda informa\u00e7\u00e3o, abaixo, na reportagem com Ad\u00e9rito Gaieta: Fonte: RNA<\/p>\n","protected":false},"author":8,"featured_media":17023,"comment_status":"closed","ping_status":"closed","sticky":false,"template":"","format":"standard","meta":[],"categories":[121],"tags":[],"_links":{"self":[{"href":"https:\/\/rna.ao\/rna.ao\/wp-json\/wp\/v2\/posts\/17021"}],"collection":[{"href":"https:\/\/rna.ao\/rna.ao\/wp-json\/wp\/v2\/posts"}],"about":[{"href":"https:\/\/rna.ao\/rna.ao\/wp-json\/wp\/v2\/types\/post"}],"author":[{"embeddable":true,"href":"https:\/\/rna.ao\/rna.ao\/wp-json\/wp\/v2\/users\/8"}],"replies":[{"embeddable":true,"href":"https:\/\/rna.ao\/rna.ao\/wp-json\/wp\/v2\/comments?post=17021"}],"version-history":[{"count":1,"href":"https:\/\/rna.ao\/rna.ao\/wp-json\/wp\/v2\/posts\/17021\/revisions"}],"predecessor-version":[{"id":17024,"href":"https:\/\/rna.ao\/rna.ao\/wp-json\/wp\/v2\/posts\/17021\/revisions\/17024"}],"wp:featuredmedia":[{"embeddable":true,"href":"https:\/\/rna.ao\/rna.ao\/wp-json\/wp\/v2\/media\/17023"}],"wp:attachment":[{"href":"https:\/\/rna.ao\/rna.ao\/wp-json\/wp\/v2\/media?parent=17021"}],"wp:term":[{"taxonomy":"category","embeddable":true,"href":"https:\/\/rna.ao\/rna.ao\/wp-json\/wp\/v2\/categories?post=17021"},{"taxonomy":"post_tag","embeddable":true,"href":"https:\/\/rna.ao\/rna.ao\/wp-json\/wp\/v2\/tags?post=17021"}],"curies":[{"name":"wp","href":"https:\/\/api.w.org\/{rel}","templated":true}]}}