{"id":17018,"date":"2021-02-11T07:52:52","date_gmt":"2021-02-11T06:52:52","guid":{"rendered":"https:\/\/rna.ao\/rna.ao\/?p=17018"},"modified":"2021-02-11T07:52:52","modified_gmt":"2021-02-11T06:52:52","slug":"implementacao-das-autarquias-deve-ser-de-forma-faseada-obedecendo-a-constituicao-da-republica","status":"publish","type":"post","link":"https:\/\/rna.ao\/rna.ao\/2021\/02\/11\/implementacao-das-autarquias-deve-ser-de-forma-faseada-obedecendo-a-constituicao-da-republica\/","title":{"rendered":"Implementa\u00e7\u00e3o das autarquias deve ser de forma faseada obedecendo a Constitui\u00e7\u00e3o da Rep\u00fablica"},"content":{"rendered":"<p><img loading=\"lazy\" class=\"size-full wp-image-11665 alignleft\" src=\"https:\/\/rna.ao\/rna.ao\/wp-content\/uploads\/2020\/11\/Marcy-Lopes.jpg\" alt=\"\" width=\"300\" height=\"200\" \/>O Ministro da Administra\u00e7\u00e3o do Territ\u00f3rio, Marcy Lopes, reafirma que a implementa\u00e7\u00e3o das autarquias locais, em Angola, ser\u00e1 de forma faseada em obedi\u00eancia a Constitui\u00e7\u00e3o da Rep\u00fablica.<\/p>\n<p>Marcy Lopes que falava quarta-feira, 10 de Fevereiro, no Parlamento, durante o debate na especialidade, da proposta de Lei que Institucionaliza as Autarquias, diz ser proibido implementar autarquias de forma global.<\/p>\n<p>A discuss\u00e3o desta proposta de Lei ficar\u00e1 suspensa, at\u00e9 que haja consenso pol\u00edtico entre o MPLA e a oposi\u00e7\u00e3o parlamentar. Ou\u00e7a, abaixo, com mais desenvolvimento na reportagem com Ant\u00f3nio Chocolate:<\/p>\n\t<div class=\"qtmplayer-playlist-large\">\n\t\t<ul class=\"qtmplayer-playlist\">\n\t\t\t\n\t\t\t\t\t<li class=\"qtmplayer-trackitem\">\n\t\t<img src=\"https:\/\/rna.ao\/rna.ao\/wp-content\/uploads\/2020\/11\/Marcy-Lopes-100x100.jpg\" alt=\"cover\">\t\t<span \t\t\tdata-qtmplayer-cover=\"https:\/\/rna.ao\/rna.ao\/wp-content\/uploads\/2020\/11\/Marcy-Lopes.jpg\"\n\t\t\t\t\t\tdata-qtmplayer-file=\"https:\/\/rna.ao\/rna.ao\/wp-content\/uploads\/2021\/02\/ANTONIO-CHOCOLATE-11-02.mp3\"\n\t\t\t\t\t\tdata-qtmplayer-title=\"Implementa\u00e7\u00e3o das autarquias deve ser de forma faseada obedecendo a Constitui\u00e7\u00e3o da Rep\u00fablica\"\n\t\t\t\t\t\tdata-qtmplayer-artist=\"RNA\"\n\t\t\t\t\t\tdata-qtmplayer-link=\"https:\/\/rna.ao\/rna.ao\/2021\/02\/11\/implementacao-das-autarquias-deve-ser-de-forma-faseada-obedecendo-a-constituicao-da-republica\/\"\n\t\t\t\t\t\tdata-qtmplayer-icon=\"file_download\"\n\t\t\t\t\t\tdata-qtmplayer-type=\"track\"\n\t\t\t class=\"qtmplayer-play qtmplayer-link-sec qtmplayer-play-btn\"><i class='material-icons'>play_arrow<\/i><\/span>\n\t\t<p>\n\t\t\t<span class=\"qtmplayer-tit\">Implementa\u00e7\u00e3o das autarquias deve ser de forma faseada obedecendo a Constitui\u00e7\u00e3o da Rep\u00fablica<\/span>\n\t\t\t<span class=\"qtmplayer-art\">RNA<\/span>\n\t\t<\/p>\n\t<\/li>\n\t\t<\/ul>\n\t<\/div>\t\t\t\n\t\n<p>Fonte: RNA<\/p>\n","protected":false},"excerpt":{"rendered":"<p>O Ministro da Administra\u00e7\u00e3o do Territ\u00f3rio, Marcy Lopes, reafirma que a implementa\u00e7\u00e3o das autarquias locais, em Angola, ser\u00e1 de forma faseada em obedi\u00eancia a Constitui\u00e7\u00e3o da Rep\u00fablica. Marcy Lopes que falava quarta-feira, 10 de Fevereiro, no Parlamento, durante o debate na especialidade, da proposta de Lei que Institucionaliza as Autarquias, ...<\/p>\n","protected":false},"author":8,"featured_media":11665,"comment_status":"closed","ping_status":"closed","sticky":false,"template":"","format":"standard","meta":[],"categories":[142,163],"tags":[],"_links":{"self":[{"href":"https:\/\/rna.ao\/rna.ao\/wp-json\/wp\/v2\/posts\/17018"}],"collection":[{"href":"https:\/\/rna.ao\/rna.ao\/wp-json\/wp\/v2\/posts"}],"about":[{"href":"https:\/\/rna.ao\/rna.ao\/wp-json\/wp\/v2\/types\/post"}],"author":[{"embeddable":true,"href":"https:\/\/rna.ao\/rna.ao\/wp-json\/wp\/v2\/users\/8"}],"replies":[{"embeddable":true,"href":"https:\/\/rna.ao\/rna.ao\/wp-json\/wp\/v2\/comments?post=17018"}],"version-history":[{"count":1,"href":"https:\/\/rna.ao\/rna.ao\/wp-json\/wp\/v2\/posts\/17018\/revisions"}],"predecessor-version":[{"id":17020,"href":"https:\/\/rna.ao\/rna.ao\/wp-json\/wp\/v2\/posts\/17018\/revisions\/17020"}],"wp:featuredmedia":[{"embeddable":true,"href":"https:\/\/rna.ao\/rna.ao\/wp-json\/wp\/v2\/media\/11665"}],"wp:attachment":[{"href":"https:\/\/rna.ao\/rna.ao\/wp-json\/wp\/v2\/media?parent=17018"}],"wp:term":[{"taxonomy":"category","embeddable":true,"href":"https:\/\/rna.ao\/rna.ao\/wp-json\/wp\/v2\/categories?post=17018"},{"taxonomy":"post_tag","embeddable":true,"href":"https:\/\/rna.ao\/rna.ao\/wp-json\/wp\/v2\/tags?post=17018"}],"curies":[{"name":"wp","href":"https:\/\/api.w.org\/{rel}","templated":true}]}}