{"id":170143,"date":"2025-03-04T15:55:45","date_gmt":"2025-03-04T14:55:45","guid":{"rendered":"https:\/\/rna.ao\/rna.ao\/?p=170143"},"modified":"2025-03-04T17:27:59","modified_gmt":"2025-03-04T16:27:59","slug":"uniao-africana-e-uniao-europeia-avaliam-cooperacao","status":"publish","type":"post","link":"https:\/\/rna.ao\/rna.ao\/2025\/03\/04\/uniao-africana-e-uniao-europeia-avaliam-cooperacao\/","title":{"rendered":"Uni\u00e3o Africana e Uni\u00e3o Europeia avaliam coopera\u00e7\u00e3o"},"content":{"rendered":"<p><img loading=\"lazy\" class=\"alignnone size-medium wp-image-170144\" src=\"https:\/\/rna.ao\/rna.ao\/wp-content\/uploads\/2025\/03\/6aee5ac2-4867-4746-b685-d7d8177351df-770x582.jpeg\" alt=\"\" width=\"770\" height=\"582\" srcset=\"https:\/\/rna.ao\/rna.ao\/wp-content\/uploads\/2025\/03\/6aee5ac2-4867-4746-b685-d7d8177351df-770x582.jpeg 770w, https:\/\/rna.ao\/rna.ao\/wp-content\/uploads\/2025\/03\/6aee5ac2-4867-4746-b685-d7d8177351df-1170x884.jpeg 1170w, https:\/\/rna.ao\/rna.ao\/wp-content\/uploads\/2025\/03\/6aee5ac2-4867-4746-b685-d7d8177351df-768x580.jpeg 768w, https:\/\/rna.ao\/rna.ao\/wp-content\/uploads\/2025\/03\/6aee5ac2-4867-4746-b685-d7d8177351df.jpeg 1280w\" sizes=\"(max-width: 770px) 100vw, 770px\" \/><\/p>\n<p>O Presidente da Uni\u00e3o Africana, Jo\u00e3o Louren\u00e7o, encontrou-se hoje, no Cairo, com o Presidente do Conselho Europeu, Ant\u00f3nio Costa.<\/p>\n<p>Em declara\u00e7\u00f5es \u00e0 imprensa, Ant\u00f3nio Costa disse que a reuni\u00e3o serviu para avaliar \u201co muito que a Uni\u00e3o Europeia e a Uni\u00e3o Africana t\u00eam para fazer em conjunto\u201d, no quadro da coopera\u00e7\u00e3o entre os dois blocos.<\/p>\n<p>Jo\u00e3o Louren\u00e7o e Ant\u00f3nio Costa conversaram est\u00e3o na capital do Egipto \u00e0 margem da cimeira extraordin\u00e1ria da Liga \u00c1rabe sobre a situa\u00e7\u00e3o na Faixa de Gaza.<\/p>\n<p>O Presidente do Conselho Europeu mostrou-se satisfeito por este empenho das na\u00e7\u00f5es \u00e1rabes, que \u00e9 um \u201cpasso em frente\u201d no esfor\u00e7o de concretiza\u00e7\u00e3o do princ\u00edpio do estabelecimento de dois Estados (de Israel e da Palestina) que possam viver em paz lado a lado.<\/p>\n","protected":false},"excerpt":{"rendered":"<p>O Presidente da Uni\u00e3o Africana, Jo\u00e3o Louren\u00e7o, encontrou-se hoje, no Cairo, com o Presidente do Conselho Europeu, Ant\u00f3nio Costa. Em declara\u00e7\u00f5es \u00e0 imprensa, Ant\u00f3nio Costa disse que a reuni\u00e3o serviu para avaliar \u201co muito que a Uni\u00e3o Europeia e a Uni\u00e3o Africana t\u00eam para fazer em conjunto\u201d, no quadro da ...<\/p>\n","protected":false},"author":9,"featured_media":170145,"comment_status":"closed","ping_status":"closed","sticky":false,"template":"","format":"standard","meta":[],"categories":[139,142,121,164,163],"tags":[],"_links":{"self":[{"href":"https:\/\/rna.ao\/rna.ao\/wp-json\/wp\/v2\/posts\/170143"}],"collection":[{"href":"https:\/\/rna.ao\/rna.ao\/wp-json\/wp\/v2\/posts"}],"about":[{"href":"https:\/\/rna.ao\/rna.ao\/wp-json\/wp\/v2\/types\/post"}],"author":[{"embeddable":true,"href":"https:\/\/rna.ao\/rna.ao\/wp-json\/wp\/v2\/users\/9"}],"replies":[{"embeddable":true,"href":"https:\/\/rna.ao\/rna.ao\/wp-json\/wp\/v2\/comments?post=170143"}],"version-history":[{"count":3,"href":"https:\/\/rna.ao\/rna.ao\/wp-json\/wp\/v2\/posts\/170143\/revisions"}],"predecessor-version":[{"id":170169,"href":"https:\/\/rna.ao\/rna.ao\/wp-json\/wp\/v2\/posts\/170143\/revisions\/170169"}],"wp:featuredmedia":[{"embeddable":true,"href":"https:\/\/rna.ao\/rna.ao\/wp-json\/wp\/v2\/media\/170145"}],"wp:attachment":[{"href":"https:\/\/rna.ao\/rna.ao\/wp-json\/wp\/v2\/media?parent=170143"}],"wp:term":[{"taxonomy":"category","embeddable":true,"href":"https:\/\/rna.ao\/rna.ao\/wp-json\/wp\/v2\/categories?post=170143"},{"taxonomy":"post_tag","embeddable":true,"href":"https:\/\/rna.ao\/rna.ao\/wp-json\/wp\/v2\/tags?post=170143"}],"curies":[{"name":"wp","href":"https:\/\/api.w.org\/{rel}","templated":true}]}}