{"id":17014,"date":"2021-02-11T07:50:00","date_gmt":"2021-02-11T06:50:00","guid":{"rendered":"https:\/\/rna.ao\/rna.ao\/?p=17014"},"modified":"2021-02-11T10:31:14","modified_gmt":"2021-02-11T09:31:14","slug":"kuando-kubango-surto-de-febre-afectuosa-esta-matar-gado-no-calai","status":"publish","type":"post","link":"https:\/\/rna.ao\/rna.ao\/2021\/02\/11\/kuando-kubango-surto-de-febre-afectuosa-esta-matar-gado-no-calai\/","title":{"rendered":"Cuando Cubango: Surto de febre afectosa est\u00e1 matar gado no Calai"},"content":{"rendered":"<blockquote><p><img loading=\"lazy\" class=\"size-full wp-image-17016 alignleft\" src=\"https:\/\/rna.ao\/rna.ao\/wp-content\/uploads\/2021\/02\/gado-morto.jpg\" alt=\"\" width=\"262\" height=\"193\" \/>Nos \u00faltimos dois meses mais de cem cabe\u00e7as de gado bovino morreram, no Munic\u00edpio do Calai, Prov\u00edncia do Cuando Cubango, v\u00edtimas de febre afetosa.<\/p><\/blockquote>\n<p>A doen\u00e7a foi detectada nos laborat\u00f3rios da vizinha Rep\u00fablica da Nam\u00edbia, em Novembro do ano passado. Ou\u00e7a todos os dados na reportagem, abaixo, com Ismael Zeferino:<\/p>\n\t<div class=\"qtmplayer-playlist-large\">\n\t\t<ul class=\"qtmplayer-playlist\">\n\t\t\t\n\t\t\t\t\t<li class=\"qtmplayer-trackitem\">\n\t\t<img src=\"https:\/\/rna.ao\/rna.ao\/wp-content\/uploads\/2021\/02\/gado-morto-100x100.jpg\" alt=\"cover\">\t\t<span \t\t\tdata-qtmplayer-cover=\"https:\/\/rna.ao\/rna.ao\/wp-content\/uploads\/2021\/02\/gado-morto.jpg\"\n\t\t\t\t\t\tdata-qtmplayer-file=\"https:\/\/rna.ao\/rna.ao\/wp-content\/uploads\/2021\/02\/ISMAEL-ZEFERINO-11-02-21.mp3\"\n\t\t\t\t\t\tdata-qtmplayer-title=\"Cuando Cubango: Surto de febre afectosa est\u00e1 matar gado no Calai\"\n\t\t\t\t\t\tdata-qtmplayer-artist=\"RNA\"\n\t\t\t\t\t\tdata-qtmplayer-link=\"https:\/\/rna.ao\/rna.ao\/2021\/02\/11\/kuando-kubango-surto-de-febre-afectuosa-esta-matar-gado-no-calai\/\"\n\t\t\t\t\t\tdata-qtmplayer-icon=\"file_download\"\n\t\t\t\t\t\tdata-qtmplayer-type=\"track\"\n\t\t\t class=\"qtmplayer-play qtmplayer-link-sec qtmplayer-play-btn\"><i class='material-icons'>play_arrow<\/i><\/span>\n\t\t<p>\n\t\t\t<span class=\"qtmplayer-tit\">Cuando Cubango: Surto de febre afectosa est\u00e1 matar gado no Calai<\/span>\n\t\t\t<span class=\"qtmplayer-art\">RNA<\/span>\n\t\t<\/p>\n\t<\/li>\n\t\t<\/ul>\n\t<\/div>\t\t\t\n\t\n<p>Fonte: RNA<\/p>\n","protected":false},"excerpt":{"rendered":"<p>Nos \u00faltimos dois meses mais de cem cabe\u00e7as de gado bovino morreram, no Munic\u00edpio do Calai, Prov\u00edncia do Cuando Cubango, v\u00edtimas de febre afetosa. A doen\u00e7a foi detectada nos laborat\u00f3rios da vizinha Rep\u00fablica da Nam\u00edbia, em Novembro do ano passado. Ou\u00e7a todos os dados na reportagem, abaixo, com Ismael Zeferino: ...<\/p>\n","protected":false},"author":8,"featured_media":17016,"comment_status":"closed","ping_status":"closed","sticky":false,"template":"","format":"standard","meta":[],"categories":[142,163],"tags":[],"_links":{"self":[{"href":"https:\/\/rna.ao\/rna.ao\/wp-json\/wp\/v2\/posts\/17014"}],"collection":[{"href":"https:\/\/rna.ao\/rna.ao\/wp-json\/wp\/v2\/posts"}],"about":[{"href":"https:\/\/rna.ao\/rna.ao\/wp-json\/wp\/v2\/types\/post"}],"author":[{"embeddable":true,"href":"https:\/\/rna.ao\/rna.ao\/wp-json\/wp\/v2\/users\/8"}],"replies":[{"embeddable":true,"href":"https:\/\/rna.ao\/rna.ao\/wp-json\/wp\/v2\/comments?post=17014"}],"version-history":[{"count":4,"href":"https:\/\/rna.ao\/rna.ao\/wp-json\/wp\/v2\/posts\/17014\/revisions"}],"predecessor-version":[{"id":17028,"href":"https:\/\/rna.ao\/rna.ao\/wp-json\/wp\/v2\/posts\/17014\/revisions\/17028"}],"wp:featuredmedia":[{"embeddable":true,"href":"https:\/\/rna.ao\/rna.ao\/wp-json\/wp\/v2\/media\/17016"}],"wp:attachment":[{"href":"https:\/\/rna.ao\/rna.ao\/wp-json\/wp\/v2\/media?parent=17014"}],"wp:term":[{"taxonomy":"category","embeddable":true,"href":"https:\/\/rna.ao\/rna.ao\/wp-json\/wp\/v2\/categories?post=17014"},{"taxonomy":"post_tag","embeddable":true,"href":"https:\/\/rna.ao\/rna.ao\/wp-json\/wp\/v2\/tags?post=17014"}],"curies":[{"name":"wp","href":"https:\/\/api.w.org\/{rel}","templated":true}]}}