{"id":17011,"date":"2021-02-11T06:41:03","date_gmt":"2021-02-11T05:41:03","guid":{"rendered":"https:\/\/rna.ao\/rna.ao\/?p=17011"},"modified":"2021-02-11T06:41:03","modified_gmt":"2021-02-11T05:41:03","slug":"instituto-nacional-de-estatistica-prepara-ao-detalhe-censo-geral-da-populacao-2024","status":"publish","type":"post","link":"https:\/\/rna.ao\/rna.ao\/2021\/02\/11\/instituto-nacional-de-estatistica-prepara-ao-detalhe-censo-geral-da-populacao-2024\/","title":{"rendered":"Instituto Nacional de Estat\u00edstica prepara ao detalhe Censo Geral da Popula\u00e7\u00e3o 2024"},"content":{"rendered":"<p><img loading=\"lazy\" class=\"size-full wp-image-15175 alignleft\" src=\"https:\/\/rna.ao\/rna.ao\/wp-content\/uploads\/2021\/01\/Chanei-John-INE.jpg\" alt=\"\" width=\"275\" height=\"183\" \/>O Instituto Nacional de Estat\u00edstica (INE) j\u00e1 prepara as condi\u00e7\u00f5es, para a realiza\u00e7\u00e3o do recenseamento geral da popula\u00e7\u00e3o, marcado para 2024.<\/p>\n<p>Nesta altura o Instituto trabalha no recenseamento agro-pecu\u00e1rio, que deve ser conclu\u00eddo ainda este ano. Saiba todas informa\u00e7\u00f5es na reportagem, abaixo, com M\u00e1lua de Almeida:<\/p>\n\t<div class=\"qtmplayer-playlist-large\">\n\t\t<ul class=\"qtmplayer-playlist\">\n\t\t\t\n\t\t\t\t\t<li class=\"qtmplayer-trackitem\">\n\t\t<img src=\"https:\/\/rna.ao\/rna.ao\/wp-content\/uploads\/2020\/11\/INE-edificio-100x100.jpg\" alt=\"cover\">\t\t<span \t\t\tdata-qtmplayer-cover=\"https:\/\/rna.ao\/rna.ao\/wp-content\/uploads\/2020\/11\/INE-edificio.jpg\"\n\t\t\t\t\t\tdata-qtmplayer-file=\"https:\/\/rna.ao\/rna.ao\/wp-content\/uploads\/2021\/02\/MALUA-DE-ALMEIDA-11-02-21.mp3\"\n\t\t\t\t\t\tdata-qtmplayer-title=\"Instituto Nacional de Estat\u00edstica prepara ao detalhe Censo Geral da Popula\u00e7\u00e3o 2024\"\n\t\t\t\t\t\tdata-qtmplayer-artist=\"RNA\"\n\t\t\t\t\t\tdata-qtmplayer-link=\"https:\/\/rna.ao\/rna.ao\/2021\/02\/11\/instituto-nacional-de-estatistica-prepara-ao-detalhe-censo-geral-da-populacao-2024\/\"\n\t\t\t\t\t\tdata-qtmplayer-icon=\"file_download\"\n\t\t\t\t\t\tdata-qtmplayer-type=\"track\"\n\t\t\t class=\"qtmplayer-play qtmplayer-link-sec qtmplayer-play-btn\"><i class='material-icons'>play_arrow<\/i><\/span>\n\t\t<p>\n\t\t\t<span class=\"qtmplayer-tit\">Instituto Nacional de Estat\u00edstica prepara ao detalhe Censo Geral da Popula\u00e7\u00e3o 2024<\/span>\n\t\t\t<span class=\"qtmplayer-art\">RNA<\/span>\n\t\t<\/p>\n\t<\/li>\n\t\t<\/ul>\n\t<\/div>\t\t\t\n\t\n<p>Fonte: RNA<\/p>\n","protected":false},"excerpt":{"rendered":"<p>O Instituto Nacional de Estat\u00edstica (INE) j\u00e1 prepara as condi\u00e7\u00f5es, para a realiza\u00e7\u00e3o do recenseamento geral da popula\u00e7\u00e3o, marcado para 2024. Nesta altura o Instituto trabalha no recenseamento agro-pecu\u00e1rio, que deve ser conclu\u00eddo ainda este ano. Saiba todas informa\u00e7\u00f5es na reportagem, abaixo, com M\u00e1lua de Almeida: Fonte: RNA<\/p>\n","protected":false},"author":8,"featured_media":10839,"comment_status":"closed","ping_status":"closed","sticky":false,"template":"","format":"standard","meta":[],"categories":[142,163],"tags":[],"_links":{"self":[{"href":"https:\/\/rna.ao\/rna.ao\/wp-json\/wp\/v2\/posts\/17011"}],"collection":[{"href":"https:\/\/rna.ao\/rna.ao\/wp-json\/wp\/v2\/posts"}],"about":[{"href":"https:\/\/rna.ao\/rna.ao\/wp-json\/wp\/v2\/types\/post"}],"author":[{"embeddable":true,"href":"https:\/\/rna.ao\/rna.ao\/wp-json\/wp\/v2\/users\/8"}],"replies":[{"embeddable":true,"href":"https:\/\/rna.ao\/rna.ao\/wp-json\/wp\/v2\/comments?post=17011"}],"version-history":[{"count":1,"href":"https:\/\/rna.ao\/rna.ao\/wp-json\/wp\/v2\/posts\/17011\/revisions"}],"predecessor-version":[{"id":17013,"href":"https:\/\/rna.ao\/rna.ao\/wp-json\/wp\/v2\/posts\/17011\/revisions\/17013"}],"wp:featuredmedia":[{"embeddable":true,"href":"https:\/\/rna.ao\/rna.ao\/wp-json\/wp\/v2\/media\/10839"}],"wp:attachment":[{"href":"https:\/\/rna.ao\/rna.ao\/wp-json\/wp\/v2\/media?parent=17011"}],"wp:term":[{"taxonomy":"category","embeddable":true,"href":"https:\/\/rna.ao\/rna.ao\/wp-json\/wp\/v2\/categories?post=17011"},{"taxonomy":"post_tag","embeddable":true,"href":"https:\/\/rna.ao\/rna.ao\/wp-json\/wp\/v2\/tags?post=17011"}],"curies":[{"name":"wp","href":"https:\/\/api.w.org\/{rel}","templated":true}]}}