{"id":17005,"date":"2021-02-11T06:38:55","date_gmt":"2021-02-11T05:38:55","guid":{"rendered":"https:\/\/rna.ao\/rna.ao\/?p=17005"},"modified":"2021-02-11T06:38:55","modified_gmt":"2021-02-11T05:38:55","slug":"mais-de-23mil-familias-cadastradas-no-ambito-do-projecto-kwenda-no-municipio-do-cuango","status":"publish","type":"post","link":"https:\/\/rna.ao\/rna.ao\/2021\/02\/11\/mais-de-23mil-familias-cadastradas-no-ambito-do-projecto-kwenda-no-municipio-do-cuango\/","title":{"rendered":"Mais de 23mil fam\u00edlias cadastradas no \u00e2mbito do Projecto Kwenda no Munic\u00edpio do Cuango"},"content":{"rendered":"<p><img loading=\"lazy\" class=\" wp-image-14519 alignleft\" src=\"https:\/\/rna.ao\/rna.ao\/wp-content\/uploads\/2021\/01\/Projecto-Kwenda.jpg\" alt=\"\" width=\"264\" height=\"177\" \/>Mais de vinte e tr\u00eas mil fam\u00edlias do Munic\u00edpio do Cuango, na Lunda-Norte, foram j\u00e1 cadastradas no \u00e2mbito do Projecto Kwenda.<\/p>\n<p>O Projecto visa apoiar socialmente as fam\u00edlias vulner\u00e1veis. Ou\u00e7a, abaixo, todos os dados na reportagem com Eduardo Leandro:<\/p>\n\t<div class=\"qtmplayer-playlist-large\">\n\t\t<ul class=\"qtmplayer-playlist\">\n\t\t\t\n\t\t\t\t\t<li class=\"qtmplayer-trackitem\">\n\t\t<img src=\"https:\/\/rna.ao\/rna.ao\/wp-content\/uploads\/2021\/01\/Projecto-Kwenda-100x100.jpg\" alt=\"cover\">\t\t<span \t\t\tdata-qtmplayer-cover=\"https:\/\/rna.ao\/rna.ao\/wp-content\/uploads\/2021\/01\/Projecto-Kwenda.jpg\"\n\t\t\t\t\t\tdata-qtmplayer-file=\"https:\/\/rna.ao\/rna.ao\/wp-content\/uploads\/2021\/02\/EDUARDO-LEANDRO-11-02-21.mp3\"\n\t\t\t\t\t\tdata-qtmplayer-title=\"Mais de 23mil fam\u00edlias cadastradas no \u00e2mbito do Projecto Kwenda no Munic\u00edpio do Cuango\"\n\t\t\t\t\t\tdata-qtmplayer-artist=\"RNA\"\n\t\t\t\t\t\tdata-qtmplayer-link=\"https:\/\/rna.ao\/rna.ao\/2021\/02\/11\/mais-de-23mil-familias-cadastradas-no-ambito-do-projecto-kwenda-no-municipio-do-cuango\/\"\n\t\t\t\t\t\tdata-qtmplayer-icon=\"file_download\"\n\t\t\t\t\t\tdata-qtmplayer-type=\"track\"\n\t\t\t class=\"qtmplayer-play qtmplayer-link-sec qtmplayer-play-btn\"><i class='material-icons'>play_arrow<\/i><\/span>\n\t\t<p>\n\t\t\t<span class=\"qtmplayer-tit\">Mais de 23mil fam\u00edlias cadastradas no \u00e2mbito do Projecto Kwenda no Munic\u00edpio do Cuango<\/span>\n\t\t\t<span class=\"qtmplayer-art\">RNA<\/span>\n\t\t<\/p>\n\t<\/li>\n\t\t<\/ul>\n\t<\/div>\t\t\t\n\t\n<p>Fonte: RNA<\/p>\n","protected":false},"excerpt":{"rendered":"<p>Mais de vinte e tr\u00eas mil fam\u00edlias do Munic\u00edpio do Cuango, na Lunda-Norte, foram j\u00e1 cadastradas no \u00e2mbito do Projecto Kwenda. O Projecto visa apoiar socialmente as fam\u00edlias vulner\u00e1veis. Ou\u00e7a, abaixo, todos os dados na reportagem com Eduardo Leandro: Fonte: RNA<\/p>\n","protected":false},"author":8,"featured_media":14519,"comment_status":"closed","ping_status":"closed","sticky":false,"template":"","format":"standard","meta":[],"categories":[121,163],"tags":[],"_links":{"self":[{"href":"https:\/\/rna.ao\/rna.ao\/wp-json\/wp\/v2\/posts\/17005"}],"collection":[{"href":"https:\/\/rna.ao\/rna.ao\/wp-json\/wp\/v2\/posts"}],"about":[{"href":"https:\/\/rna.ao\/rna.ao\/wp-json\/wp\/v2\/types\/post"}],"author":[{"embeddable":true,"href":"https:\/\/rna.ao\/rna.ao\/wp-json\/wp\/v2\/users\/8"}],"replies":[{"embeddable":true,"href":"https:\/\/rna.ao\/rna.ao\/wp-json\/wp\/v2\/comments?post=17005"}],"version-history":[{"count":1,"href":"https:\/\/rna.ao\/rna.ao\/wp-json\/wp\/v2\/posts\/17005\/revisions"}],"predecessor-version":[{"id":17010,"href":"https:\/\/rna.ao\/rna.ao\/wp-json\/wp\/v2\/posts\/17005\/revisions\/17010"}],"wp:featuredmedia":[{"embeddable":true,"href":"https:\/\/rna.ao\/rna.ao\/wp-json\/wp\/v2\/media\/14519"}],"wp:attachment":[{"href":"https:\/\/rna.ao\/rna.ao\/wp-json\/wp\/v2\/media?parent=17005"}],"wp:term":[{"taxonomy":"category","embeddable":true,"href":"https:\/\/rna.ao\/rna.ao\/wp-json\/wp\/v2\/categories?post=17005"},{"taxonomy":"post_tag","embeddable":true,"href":"https:\/\/rna.ao\/rna.ao\/wp-json\/wp\/v2\/tags?post=17005"}],"curies":[{"name":"wp","href":"https:\/\/api.w.org\/{rel}","templated":true}]}}