{"id":170048,"date":"2025-03-03T12:42:36","date_gmt":"2025-03-03T11:42:36","guid":{"rendered":"https:\/\/rna.ao\/rna.ao\/?p=170048"},"modified":"2025-03-03T13:26:31","modified_gmt":"2025-03-03T12:26:31","slug":"pr-a-caminho-do-cairo-para-participar-da-cimeira-da-liga-arabe-sobre-sobre-a-faixa-de-gaza","status":"publish","type":"post","link":"https:\/\/rna.ao\/rna.ao\/2025\/03\/03\/pr-a-caminho-do-cairo-para-participar-da-cimeira-da-liga-arabe-sobre-sobre-a-faixa-de-gaza\/","title":{"rendered":"PR a caminho do Cairo para participar da cimeira da Liga \u00c1rabe sobre a Faixa de Gaza"},"content":{"rendered":"<p class=\"p1\"><img loading=\"lazy\" class=\"alignnone size-medium wp-image-170049\" src=\"https:\/\/rna.ao\/rna.ao\/wp-content\/uploads\/2025\/03\/IMG_6307-770x755.jpeg\" alt=\"\" width=\"770\" height=\"755\" srcset=\"https:\/\/rna.ao\/rna.ao\/wp-content\/uploads\/2025\/03\/IMG_6307-770x755.jpeg 770w, https:\/\/rna.ao\/rna.ao\/wp-content\/uploads\/2025\/03\/IMG_6307-1170x1147.jpeg 1170w, https:\/\/rna.ao\/rna.ao\/wp-content\/uploads\/2025\/03\/IMG_6307-768x753.jpeg 768w, https:\/\/rna.ao\/rna.ao\/wp-content\/uploads\/2025\/03\/IMG_6307.jpeg 1241w\" sizes=\"(max-width: 770px) 100vw, 770px\" \/>O Presidente da Rep\u00fablica, Jo\u00e3o Louren\u00e7o, est\u00e1 a caminho do Cairo, Egipto.<\/p>\n<p class=\"p2\">Na qualidade de Presidente em exerc\u00edcio da Uni\u00e3o Africana, Jo\u00e3o Louren\u00e7o participa amanh\u00e3 na cimeira extraordin\u00e1ria da Liga \u00c1rabe convocada para avaliar a situa\u00e7\u00e3o na Faixa de Gaza.<\/p>\n<p class=\"p2\"><span class=\"s1\">Na partida, esta segunda-feira, 3, apresentaram cumprimentos de despedida ao Chefe de Estado, no Aeroporto Internacional 4 de Fevereiro, a Vice Presidente da Rep\u00fablica, Ministros de Estado e outros governantes.<\/span><\/p>\n","protected":false},"excerpt":{"rendered":"<p>O Presidente da Rep\u00fablica, Jo\u00e3o Louren\u00e7o, est\u00e1 a caminho do Cairo, Egipto. Na qualidade de Presidente em exerc\u00edcio da Uni\u00e3o Africana, Jo\u00e3o Louren\u00e7o participa amanh\u00e3 na cimeira extraordin\u00e1ria da Liga \u00c1rabe convocada para avaliar a situa\u00e7\u00e3o na Faixa de Gaza. Na partida, esta segunda-feira, 3, apresentaram cumprimentos de despedida ao ...<\/p>\n","protected":false},"author":18,"featured_media":170049,"comment_status":"closed","ping_status":"closed","sticky":false,"template":"","format":"standard","meta":[],"categories":[142,121,164,163],"tags":[],"_links":{"self":[{"href":"https:\/\/rna.ao\/rna.ao\/wp-json\/wp\/v2\/posts\/170048"}],"collection":[{"href":"https:\/\/rna.ao\/rna.ao\/wp-json\/wp\/v2\/posts"}],"about":[{"href":"https:\/\/rna.ao\/rna.ao\/wp-json\/wp\/v2\/types\/post"}],"author":[{"embeddable":true,"href":"https:\/\/rna.ao\/rna.ao\/wp-json\/wp\/v2\/users\/18"}],"replies":[{"embeddable":true,"href":"https:\/\/rna.ao\/rna.ao\/wp-json\/wp\/v2\/comments?post=170048"}],"version-history":[{"count":2,"href":"https:\/\/rna.ao\/rna.ao\/wp-json\/wp\/v2\/posts\/170048\/revisions"}],"predecessor-version":[{"id":170052,"href":"https:\/\/rna.ao\/rna.ao\/wp-json\/wp\/v2\/posts\/170048\/revisions\/170052"}],"wp:featuredmedia":[{"embeddable":true,"href":"https:\/\/rna.ao\/rna.ao\/wp-json\/wp\/v2\/media\/170049"}],"wp:attachment":[{"href":"https:\/\/rna.ao\/rna.ao\/wp-json\/wp\/v2\/media?parent=170048"}],"wp:term":[{"taxonomy":"category","embeddable":true,"href":"https:\/\/rna.ao\/rna.ao\/wp-json\/wp\/v2\/categories?post=170048"},{"taxonomy":"post_tag","embeddable":true,"href":"https:\/\/rna.ao\/rna.ao\/wp-json\/wp\/v2\/tags?post=170048"}],"curies":[{"name":"wp","href":"https:\/\/api.w.org\/{rel}","templated":true}]}}