{"id":17004,"date":"2021-02-11T06:36:46","date_gmt":"2021-02-11T05:36:46","guid":{"rendered":"https:\/\/rna.ao\/rna.ao\/?p=17004"},"modified":"2021-02-11T06:36:46","modified_gmt":"2021-02-11T05:36:46","slug":"bie-mau-estado-da-via-isola-comuna-do-munhengo-do-resto-da-provincia","status":"publish","type":"post","link":"https:\/\/rna.ao\/rna.ao\/2021\/02\/11\/bie-mau-estado-da-via-isola-comuna-do-munhengo-do-resto-da-provincia\/","title":{"rendered":"Bi\u00e9: Mau estado da via isola Comuna do Munhengo do resto da Prov\u00edncia"},"content":{"rendered":"<p><img loading=\"lazy\" class=\"size-full wp-image-17007 alignleft\" src=\"https:\/\/rna.ao\/rna.ao\/wp-content\/uploads\/2021\/02\/TERRA-BATIDA.jpg\" alt=\"\" width=\"296\" height=\"205\" \/>A localidade do Munhengo, na Prov\u00edncia do Bi\u00e9, est\u00e1 na emin\u00eancia de ficar isolada, por terra, devido ao estado de degrada\u00e7\u00e3o da via.<\/p>\n<p>O tro\u00e7o de terra batida j\u00e1 n\u00e3o oferece condi\u00e7\u00f5es para o tr\u00e1fego de viaturas, o que deixa a Comuna dependente da circula\u00e7\u00e3o do comboio do CFB. Ou\u00e7a, abaixo, com mais desenvolvimento na reportagem com Martinho Anselmo Canequela:<\/p>\n\t<div class=\"qtmplayer-playlist-large\">\n\t\t<ul class=\"qtmplayer-playlist\">\n\t\t\t\n\t\t\t\t\t<li class=\"qtmplayer-trackitem\">\n\t\t<img src=\"https:\/\/rna.ao\/rna.ao\/wp-content\/uploads\/2021\/02\/TERRA-BATIDA-100x100.jpg\" alt=\"cover\">\t\t<span \t\t\tdata-qtmplayer-cover=\"https:\/\/rna.ao\/rna.ao\/wp-content\/uploads\/2021\/02\/TERRA-BATIDA.jpg\"\n\t\t\t\t\t\tdata-qtmplayer-file=\"https:\/\/rna.ao\/rna.ao\/wp-content\/uploads\/2021\/02\/MARTINHO-ANSELMO-CANEQUELA-11-02-21.mp3\"\n\t\t\t\t\t\tdata-qtmplayer-title=\"Bi\u00e9: Mau estado da via isola Comuna do Munhengo do resto da Prov\u00edncia\"\n\t\t\t\t\t\tdata-qtmplayer-artist=\"RNA\"\n\t\t\t\t\t\tdata-qtmplayer-link=\"https:\/\/rna.ao\/rna.ao\/2021\/02\/11\/bie-mau-estado-da-via-isola-comuna-do-munhengo-do-resto-da-provincia\/\"\n\t\t\t\t\t\tdata-qtmplayer-icon=\"file_download\"\n\t\t\t\t\t\tdata-qtmplayer-type=\"track\"\n\t\t\t class=\"qtmplayer-play qtmplayer-link-sec qtmplayer-play-btn\"><i class='material-icons'>play_arrow<\/i><\/span>\n\t\t<p>\n\t\t\t<span class=\"qtmplayer-tit\">Bi\u00e9: Mau estado da via isola Comuna do Munhengo do resto da Prov\u00edncia<\/span>\n\t\t\t<span class=\"qtmplayer-art\">RNA<\/span>\n\t\t<\/p>\n\t<\/li>\n\t\t<\/ul>\n\t<\/div>\t\t\t\n\t\n<p>Fonte: RNA<\/p>\n","protected":false},"excerpt":{"rendered":"<p>A localidade do Munhengo, na Prov\u00edncia do Bi\u00e9, est\u00e1 na emin\u00eancia de ficar isolada, por terra, devido ao estado de degrada\u00e7\u00e3o da via. O tro\u00e7o de terra batida j\u00e1 n\u00e3o oferece condi\u00e7\u00f5es para o tr\u00e1fego de viaturas, o que deixa a Comuna dependente da circula\u00e7\u00e3o do comboio do CFB. Ou\u00e7a, ...<\/p>\n","protected":false},"author":8,"featured_media":17007,"comment_status":"closed","ping_status":"closed","sticky":false,"template":"","format":"standard","meta":[],"categories":[121,163],"tags":[],"_links":{"self":[{"href":"https:\/\/rna.ao\/rna.ao\/wp-json\/wp\/v2\/posts\/17004"}],"collection":[{"href":"https:\/\/rna.ao\/rna.ao\/wp-json\/wp\/v2\/posts"}],"about":[{"href":"https:\/\/rna.ao\/rna.ao\/wp-json\/wp\/v2\/types\/post"}],"author":[{"embeddable":true,"href":"https:\/\/rna.ao\/rna.ao\/wp-json\/wp\/v2\/users\/8"}],"replies":[{"embeddable":true,"href":"https:\/\/rna.ao\/rna.ao\/wp-json\/wp\/v2\/comments?post=17004"}],"version-history":[{"count":1,"href":"https:\/\/rna.ao\/rna.ao\/wp-json\/wp\/v2\/posts\/17004\/revisions"}],"predecessor-version":[{"id":17008,"href":"https:\/\/rna.ao\/rna.ao\/wp-json\/wp\/v2\/posts\/17004\/revisions\/17008"}],"wp:featuredmedia":[{"embeddable":true,"href":"https:\/\/rna.ao\/rna.ao\/wp-json\/wp\/v2\/media\/17007"}],"wp:attachment":[{"href":"https:\/\/rna.ao\/rna.ao\/wp-json\/wp\/v2\/media?parent=17004"}],"wp:term":[{"taxonomy":"category","embeddable":true,"href":"https:\/\/rna.ao\/rna.ao\/wp-json\/wp\/v2\/categories?post=17004"},{"taxonomy":"post_tag","embeddable":true,"href":"https:\/\/rna.ao\/rna.ao\/wp-json\/wp\/v2\/tags?post=17004"}],"curies":[{"name":"wp","href":"https:\/\/api.w.org\/{rel}","templated":true}]}}