{"id":16967,"date":"2021-02-10T09:33:22","date_gmt":"2021-02-10T08:33:22","guid":{"rendered":"https:\/\/rna.ao\/rna.ao\/?p=16967"},"modified":"2021-02-10T09:33:22","modified_gmt":"2021-02-10T08:33:22","slug":"artista-angolano-partilha-sua-arte-com-a-america","status":"publish","type":"post","link":"https:\/\/rna.ao\/rna.ao\/2021\/02\/10\/artista-angolano-partilha-sua-arte-com-a-america\/","title":{"rendered":"Artista angolano partilha sua arte com a Am\u00e9rica."},"content":{"rendered":"<p><img loading=\"lazy\" class=\"size-full wp-image-16974 alignleft\" src=\"https:\/\/rna.ao\/rna.ao\/wp-content\/uploads\/2021\/02\/Julio-Leitao.jpg\" alt=\"\" width=\"308\" height=\"173\" \/>Na edi\u00e7\u00e3o de hoje da rubrica \u201ccultura e artes\u201d do canal internacional, trazemos o bailarino e escultor angolano J\u00falio Leit\u00e3o.<\/p>\n<p>Natural da prov\u00edncia do Muxico, J\u00falio Leit\u00e3o emigrou muito cedo para os Estados Unidos de Am\u00e9rica e l\u00e1 reside h\u00e1 mais de trinta anos. Acompanhe:<\/p>\n\t<div class=\"qtmplayer-playlist-large\">\n\t\t<ul class=\"qtmplayer-playlist\">\n\t\t\t\n\t\t\t\t\t<li class=\"qtmplayer-trackitem\">\n\t\t<img src=\"https:\/\/rna.ao\/rna.ao\/wp-content\/uploads\/2021\/02\/Julio-Leitao-100x100.jpg\" alt=\"cover\">\t\t<span \t\t\tdata-qtmplayer-cover=\"https:\/\/rna.ao\/rna.ao\/wp-content\/uploads\/2021\/02\/Julio-Leitao.jpg\"\n\t\t\t\t\t\tdata-qtmplayer-file=\"https:\/\/rna.ao\/rna.ao\/wp-content\/uploads\/2021\/02\/PECA-ISAAC-RESENDE-JULIO-LEITAO-10.02.2021.mp3\"\n\t\t\t\t\t\tdata-qtmplayer-title=\"Artista angolano partilha sua arte com a Am\u00e9rica.\"\n\t\t\t\t\t\tdata-qtmplayer-artist=\"RNA\"\n\t\t\t\t\t\tdata-qtmplayer-link=\"https:\/\/rna.ao\/rna.ao\/2021\/02\/10\/artista-angolano-partilha-sua-arte-com-a-america\/\"\n\t\t\t\t\t\tdata-qtmplayer-icon=\"file_download\"\n\t\t\t\t\t\tdata-qtmplayer-type=\"track\"\n\t\t\t class=\"qtmplayer-play qtmplayer-link-sec qtmplayer-play-btn\"><i class='material-icons'>play_arrow<\/i><\/span>\n\t\t<p>\n\t\t\t<span class=\"qtmplayer-tit\">Artista angolano partilha sua arte com a Am\u00e9rica.<\/span>\n\t\t\t<span class=\"qtmplayer-art\">RNA<\/span>\n\t\t<\/p>\n\t<\/li>\n\t\t<\/ul>\n\t<\/div>\t\t\t\n\t\n<p>&nbsp;<\/p>\n","protected":false},"excerpt":{"rendered":"<p>Na edi\u00e7\u00e3o de hoje da rubrica \u201ccultura e artes\u201d do canal internacional, trazemos o bailarino e escultor angolano J\u00falio Leit\u00e3o. Natural da prov\u00edncia do Muxico, J\u00falio Leit\u00e3o emigrou muito cedo para os Estados Unidos de Am\u00e9rica e l\u00e1 reside h\u00e1 mais de trinta anos. Acompanhe: &nbsp;<\/p>\n","protected":false},"author":8,"featured_media":16974,"comment_status":"closed","ping_status":"closed","sticky":false,"template":"","format":"standard","meta":[],"categories":[143,137],"tags":[],"_links":{"self":[{"href":"https:\/\/rna.ao\/rna.ao\/wp-json\/wp\/v2\/posts\/16967"}],"collection":[{"href":"https:\/\/rna.ao\/rna.ao\/wp-json\/wp\/v2\/posts"}],"about":[{"href":"https:\/\/rna.ao\/rna.ao\/wp-json\/wp\/v2\/types\/post"}],"author":[{"embeddable":true,"href":"https:\/\/rna.ao\/rna.ao\/wp-json\/wp\/v2\/users\/8"}],"replies":[{"embeddable":true,"href":"https:\/\/rna.ao\/rna.ao\/wp-json\/wp\/v2\/comments?post=16967"}],"version-history":[{"count":1,"href":"https:\/\/rna.ao\/rna.ao\/wp-json\/wp\/v2\/posts\/16967\/revisions"}],"predecessor-version":[{"id":16975,"href":"https:\/\/rna.ao\/rna.ao\/wp-json\/wp\/v2\/posts\/16967\/revisions\/16975"}],"wp:featuredmedia":[{"embeddable":true,"href":"https:\/\/rna.ao\/rna.ao\/wp-json\/wp\/v2\/media\/16974"}],"wp:attachment":[{"href":"https:\/\/rna.ao\/rna.ao\/wp-json\/wp\/v2\/media?parent=16967"}],"wp:term":[{"taxonomy":"category","embeddable":true,"href":"https:\/\/rna.ao\/rna.ao\/wp-json\/wp\/v2\/categories?post=16967"},{"taxonomy":"post_tag","embeddable":true,"href":"https:\/\/rna.ao\/rna.ao\/wp-json\/wp\/v2\/tags?post=16967"}],"curies":[{"name":"wp","href":"https:\/\/api.w.org\/{rel}","templated":true}]}}