{"id":168644,"date":"2025-02-19T11:42:34","date_gmt":"2025-02-19T10:42:34","guid":{"rendered":"https:\/\/rna.ao\/rna.ao\/?p=168644"},"modified":"2025-02-19T11:43:43","modified_gmt":"2025-02-19T10:43:43","slug":"hoje-joga-se-para-a-1a-jornada-da-segunda-volta-do-girabola","status":"publish","type":"post","link":"https:\/\/rna.ao\/rna.ao\/2025\/02\/19\/hoje-joga-se-para-a-1a-jornada-da-segunda-volta-do-girabola\/","title":{"rendered":"Hoje joga-se para a 1\u00aa jornada da segunda volta do Girabola"},"content":{"rendered":"<p><img loading=\"lazy\" class=\"alignnone size-full wp-image-140477\" src=\"https:\/\/rna.ao\/rna.ao\/wp-content\/uploads\/2024\/05\/girabola-campo.jpg\" alt=\"\" width=\"304\" height=\"159\" \/>O nacional da 1\u00aa divis\u00e3o em Angola faz disputar esta quarta feira, 19 de fevereiro, a primeira jornada da segunda volta.<\/p>\n<p>No jogo de cartaz, o Desportivo da Hu\u00edla recebe em casa no Est\u00e1dio Nacional Tundavala, o campe\u00e3o e l\u00edder Petro de Luanda. Ezequias Domingos, o director administrativo dos militares da Frente Sul, d\u00e1 conta da m\u00e1quina organizativa para a rece\u00e7\u00e3o aos campe\u00f5es nacionais. Clique no \u00e1udio e ou\u00e7a:<\/p>\n\t<div class=\"qtmplayer-playlist-large\">\n\t\t<ul class=\"qtmplayer-playlist\">\n\t\t\t\n\t\t\t\t\t<li class=\"qtmplayer-trackitem\">\n\t\t<img src=\"https:\/\/rna.ao\/rna.ao\/wp-content\/uploads\/2024\/05\/girabola-campo-100x100.jpg\" alt=\"cover\">\t\t<span \t\t\tdata-qtmplayer-cover=\"https:\/\/rna.ao\/rna.ao\/wp-content\/uploads\/2024\/05\/girabola-campo.jpg\"\n\t\t\t\t\t\tdata-qtmplayer-file=\"https:\/\/rna.ao\/rna.ao\/wp-content\/uploads\/2025\/02\/P-J-6-EZEQUIAS-DOMINGOS-19-02-25.mp3\"\n\t\t\t\t\t\tdata-qtmplayer-title=\"Hoje joga-se para a 1\u00aa jornada da segunda volta do Girabola\"\n\t\t\t\t\t\tdata-qtmplayer-artist=\"Juliana Nunes\"\n\t\t\t\t\t\tdata-qtmplayer-link=\"https:\/\/rna.ao\/rna.ao\/2025\/02\/19\/hoje-joga-se-para-a-1a-jornada-da-segunda-volta-do-girabola\/\"\n\t\t\t\t\t\tdata-qtmplayer-icon=\"file_download\"\n\t\t\t\t\t\tdata-qtmplayer-type=\"track\"\n\t\t\t class=\"qtmplayer-play qtmplayer-link-sec qtmplayer-play-btn\"><i class='material-icons'>play_arrow<\/i><\/span>\n\t\t<p>\n\t\t\t<span class=\"qtmplayer-tit\">Hoje joga-se para a 1\u00aa jornada da segunda volta do Girabola<\/span>\n\t\t\t<span class=\"qtmplayer-art\">Juliana Nunes<\/span>\n\t\t<\/p>\n\t<\/li>\n\t\t<\/ul>\n\t<\/div>\t\t\t\n\t\n<p>Por sua vez, no Petro de Luanda, o t\u00e9cnico Ricardo Sheu no lan\u00e7amento do jogo em confer\u00eancia de imprensa, confirmou a aus\u00eancia de um jogador influente na manobra da equipa, o m\u00e9dio Soares. Clique no \u00e1udio e ou\u00e7a:<\/p>\n\t<div class=\"qtmplayer-playlist-large\">\n\t\t<ul class=\"qtmplayer-playlist\">\n\t\t\t\n\t\t\t\t\t<li class=\"qtmplayer-trackitem\">\n\t\t<img src=\"https:\/\/rna.ao\/rna.ao\/wp-content\/uploads\/2024\/05\/girabola-campo-100x100.jpg\" alt=\"cover\">\t\t<span \t\t\tdata-qtmplayer-cover=\"https:\/\/rna.ao\/rna.ao\/wp-content\/uploads\/2024\/05\/girabola-campo.jpg\"\n\t\t\t\t\t\tdata-qtmplayer-file=\"https:\/\/rna.ao\/rna.ao\/wp-content\/uploads\/2025\/02\/P-J-7-RICARDO-SHEU-19-02-25.mp3\"\n\t\t\t\t\t\tdata-qtmplayer-title=\"Hoje joga-se para a 1\u00aa jornada da segunda volta do Girabola\"\n\t\t\t\t\t\tdata-qtmplayer-artist=\"Juliana Nunes\"\n\t\t\t\t\t\tdata-qtmplayer-link=\"https:\/\/rna.ao\/rna.ao\/2025\/02\/19\/hoje-joga-se-para-a-1a-jornada-da-segunda-volta-do-girabola\/\"\n\t\t\t\t\t\tdata-qtmplayer-icon=\"file_download\"\n\t\t\t\t\t\tdata-qtmplayer-type=\"track\"\n\t\t\t class=\"qtmplayer-play qtmplayer-link-sec qtmplayer-play-btn\"><i class='material-icons'>play_arrow<\/i><\/span>\n\t\t<p>\n\t\t\t<span class=\"qtmplayer-tit\">Hoje joga-se para a 1\u00aa jornada da segunda volta do Girabola<\/span>\n\t\t\t<span class=\"qtmplayer-art\">Juliana Nunes<\/span>\n\t\t<\/p>\n\t<\/li>\n\t\t<\/ul>\n\t<\/div>\t\t\t\n\t\n<p>Nos outros jogos da jornada inaugural, na prov\u00edncia de Benguela, cidade portu\u00e1ria do Lobito, a Acad\u00e9mica quer come\u00e7ar a segunda volta do campeonato com vit\u00f3ria. Os estudantes da cidade portu\u00e1ria v\u00e3o receber no \u201cBuraco\u201d o tetracampe\u00e3o nacional, Recreativo do Lobolo, num jogo que n\u00e3o ser\u00e1 nada f\u00e1cil, conforme prev\u00ea Jo\u00e3o Pintar da Silva. Clique no \u00e1udio e ou\u00e7a:<\/p>\n\t<div class=\"qtmplayer-playlist-large\">\n\t\t<ul class=\"qtmplayer-playlist\">\n\t\t\t\n\t\t\t\t\t<li class=\"qtmplayer-trackitem\">\n\t\t<img src=\"https:\/\/rna.ao\/rna.ao\/wp-content\/uploads\/2024\/05\/girabola-campo-100x100.jpg\" alt=\"cover\">\t\t<span \t\t\tdata-qtmplayer-cover=\"https:\/\/rna.ao\/rna.ao\/wp-content\/uploads\/2024\/05\/girabola-campo.jpg\"\n\t\t\t\t\t\tdata-qtmplayer-file=\"https:\/\/rna.ao\/rna.ao\/wp-content\/uploads\/2025\/02\/P-J-8-JOAO-PINTAR-19-02-25.mp3\"\n\t\t\t\t\t\tdata-qtmplayer-title=\"Hoje joga-se para a 1\u00aa jornada da segunda volta do Girabola\"\n\t\t\t\t\t\tdata-qtmplayer-artist=\"Juliana Nunes\"\n\t\t\t\t\t\tdata-qtmplayer-link=\"https:\/\/rna.ao\/rna.ao\/2025\/02\/19\/hoje-joga-se-para-a-1a-jornada-da-segunda-volta-do-girabola\/\"\n\t\t\t\t\t\tdata-qtmplayer-icon=\"file_download\"\n\t\t\t\t\t\tdata-qtmplayer-type=\"track\"\n\t\t\t class=\"qtmplayer-play qtmplayer-link-sec qtmplayer-play-btn\"><i class='material-icons'>play_arrow<\/i><\/span>\n\t\t<p>\n\t\t\t<span class=\"qtmplayer-tit\">Hoje joga-se para a 1\u00aa jornada da segunda volta do Girabola<\/span>\n\t\t\t<span class=\"qtmplayer-art\">Juliana Nunes<\/span>\n\t\t<\/p>\n\t<\/li>\n\t\t<\/ul>\n\t<\/div>\t\t\t\n\t\n<p>Dificuldades prev\u00ea igualmente H\u00e9lder Teixeira, o treinador principal do Recreativo do Libolo, ele que, entretanto, diz que quer vencer. Clique no \u00e1udio e ou\u00e7a:<\/p>\n\t<div class=\"qtmplayer-playlist-large\">\n\t\t<ul class=\"qtmplayer-playlist\">\n\t\t\t\n\t\t\t\t\t<li class=\"qtmplayer-trackitem\">\n\t\t<img src=\"https:\/\/rna.ao\/rna.ao\/wp-content\/uploads\/2024\/05\/girabola-campo-100x100.jpg\" alt=\"cover\">\t\t<span \t\t\tdata-qtmplayer-cover=\"https:\/\/rna.ao\/rna.ao\/wp-content\/uploads\/2024\/05\/girabola-campo.jpg\"\n\t\t\t\t\t\tdata-qtmplayer-file=\"https:\/\/rna.ao\/rna.ao\/wp-content\/uploads\/2025\/02\/P-J-9-HELDER-TEIXEIRA-19-02-25.mp3\"\n\t\t\t\t\t\tdata-qtmplayer-title=\"Hoje joga-se para a 1\u00aa jornada da segunda volta do Girabola\"\n\t\t\t\t\t\tdata-qtmplayer-artist=\"Juliana Nunes\"\n\t\t\t\t\t\tdata-qtmplayer-link=\"https:\/\/rna.ao\/rna.ao\/2025\/02\/19\/hoje-joga-se-para-a-1a-jornada-da-segunda-volta-do-girabola\/\"\n\t\t\t\t\t\tdata-qtmplayer-icon=\"file_download\"\n\t\t\t\t\t\tdata-qtmplayer-type=\"track\"\n\t\t\t class=\"qtmplayer-play qtmplayer-link-sec qtmplayer-play-btn\"><i class='material-icons'>play_arrow<\/i><\/span>\n\t\t<p>\n\t\t\t<span class=\"qtmplayer-tit\">Hoje joga-se para a 1\u00aa jornada da segunda volta do Girabola<\/span>\n\t\t\t<span class=\"qtmplayer-art\">Juliana Nunes<\/span>\n\t\t<\/p>\n\t<\/li>\n\t\t<\/ul>\n\t<\/div>\t\t\t\n\t\n<p>No leste, mais concretamente na cidade de Saurimo, vai acontecer o Desportivo da Lunda Sul-Interclube. Os Lundas do sul n\u00e3o pensam em outra coisa, sen\u00e3o o triunfo, conforme avan\u00e7a o treinador Cleverson Maur\u00edlio Silva. Clique no \u00e1udio e ou\u00e7a:<\/p>\n\t<div class=\"qtmplayer-playlist-large\">\n\t\t<ul class=\"qtmplayer-playlist\">\n\t\t\t\n\t\t\t\t\t<li class=\"qtmplayer-trackitem\">\n\t\t<img src=\"https:\/\/rna.ao\/rna.ao\/wp-content\/uploads\/2024\/05\/girabola-campo-100x100.jpg\" alt=\"cover\">\t\t<span \t\t\tdata-qtmplayer-cover=\"https:\/\/rna.ao\/rna.ao\/wp-content\/uploads\/2024\/05\/girabola-campo.jpg\"\n\t\t\t\t\t\tdata-qtmplayer-file=\"https:\/\/rna.ao\/rna.ao\/wp-content\/uploads\/2025\/02\/P-J-10-CLEVERSON-M-SILVA-19-02-25.mp3\"\n\t\t\t\t\t\tdata-qtmplayer-title=\"Hoje joga-se para a 1\u00aa jornada da segunda volta do Girabola\"\n\t\t\t\t\t\tdata-qtmplayer-artist=\"Juliana Nunes\"\n\t\t\t\t\t\tdata-qtmplayer-link=\"https:\/\/rna.ao\/rna.ao\/2025\/02\/19\/hoje-joga-se-para-a-1a-jornada-da-segunda-volta-do-girabola\/\"\n\t\t\t\t\t\tdata-qtmplayer-icon=\"file_download\"\n\t\t\t\t\t\tdata-qtmplayer-type=\"track\"\n\t\t\t class=\"qtmplayer-play qtmplayer-link-sec qtmplayer-play-btn\"><i class='material-icons'>play_arrow<\/i><\/span>\n\t\t<p>\n\t\t\t<span class=\"qtmplayer-tit\">Hoje joga-se para a 1\u00aa jornada da segunda volta do Girabola<\/span>\n\t\t\t<span class=\"qtmplayer-art\">Juliana Nunes<\/span>\n\t\t<\/p>\n\t<\/li>\n\t\t<\/ul>\n\t<\/div>\t\t\t\n\t\n<p>Quanto aos pol\u00edcias, Mateus Agostinho \u201cBodunha\u201d, garante que preparou bem o grupo e somente pensa no triunfo. Clique no \u00e1udio e ou\u00e7a:<\/p>\n\t<div class=\"qtmplayer-playlist-large\">\n\t\t<ul class=\"qtmplayer-playlist\">\n\t\t\t\n\t\t\t\t\t<li class=\"qtmplayer-trackitem\">\n\t\t<img src=\"https:\/\/rna.ao\/rna.ao\/wp-content\/uploads\/2024\/05\/girabola-campo-100x100.jpg\" alt=\"cover\">\t\t<span \t\t\tdata-qtmplayer-cover=\"https:\/\/rna.ao\/rna.ao\/wp-content\/uploads\/2024\/05\/girabola-campo.jpg\"\n\t\t\t\t\t\tdata-qtmplayer-file=\"https:\/\/rna.ao\/rna.ao\/wp-content\/uploads\/2025\/02\/P-J-11-MATEUS-A-BODUNHA-19-02-25.mp3\"\n\t\t\t\t\t\tdata-qtmplayer-title=\"Hoje joga-se para a 1\u00aa jornada da segunda volta do Girabola\"\n\t\t\t\t\t\tdata-qtmplayer-artist=\"Juliana Nunes\"\n\t\t\t\t\t\tdata-qtmplayer-link=\"https:\/\/rna.ao\/rna.ao\/2025\/02\/19\/hoje-joga-se-para-a-1a-jornada-da-segunda-volta-do-girabola\/\"\n\t\t\t\t\t\tdata-qtmplayer-icon=\"file_download\"\n\t\t\t\t\t\tdata-qtmplayer-type=\"track\"\n\t\t\t class=\"qtmplayer-play qtmplayer-link-sec qtmplayer-play-btn\"><i class='material-icons'>play_arrow<\/i><\/span>\n\t\t<p>\n\t\t\t<span class=\"qtmplayer-tit\">Hoje joga-se para a 1\u00aa jornada da segunda volta do Girabola<\/span>\n\t\t\t<span class=\"qtmplayer-art\">Juliana Nunes<\/span>\n\t\t<\/p>\n\t<\/li>\n\t\t<\/ul>\n\t<\/div>\t\t\t\n\t\n<p>&nbsp;<\/p>\n<p>Olhemos para os jogos que far\u00e3o acontecer esta 16\u00aa jornada, a 1\u00aa da segunda volta:<\/p>\n<p>Sagrada Esperan\u00e7a &#8211; Kabuscorp do Palanca;<\/p>\n<p>1\u00ba de Agosto &#8211; Santa Rita de C\u00e1ssia do U\u00edge;<\/p>\n<p>Desportivo da Lunda-Sul \u2013 Interclube;<\/p>\n<p>Acad\u00e9mica do Lobito &#8211; Recreativo do Libolo;<\/p>\n<p>Isaac de Benguela &#8211; FC Bravos do Maquis;<\/p>\n<p>Salvador do Zaire &#8211; Luanda City;<\/p>\n<p>Carmona Sport Clube do U\u00edge &#8211; Wiliete de Benguela.<\/p>\n<p>O Petro de Luanda comanda o Girabola com 39 pontos, seguido pelo Wiliete de Benguela com 32. 0 1\u00ba de Agosto est\u00e1 na terceira posi\u00e7\u00e3o com 29 pontos.<\/p>\n","protected":false},"excerpt":{"rendered":"<p>O nacional da 1\u00aa divis\u00e3o em Angola faz disputar esta quarta feira, 19 de fevereiro, a primeira jornada da segunda volta. No jogo de cartaz, o Desportivo da Hu\u00edla recebe em casa no Est\u00e1dio Nacional Tundavala, o campe\u00e3o e l\u00edder Petro de Luanda. Ezequias Domingos, o director administrativo dos militares ...<\/p>\n","protected":false},"author":16,"featured_media":140477,"comment_status":"closed","ping_status":"closed","sticky":false,"template":"","format":"standard","meta":[],"categories":[145,125],"tags":[],"_links":{"self":[{"href":"https:\/\/rna.ao\/rna.ao\/wp-json\/wp\/v2\/posts\/168644"}],"collection":[{"href":"https:\/\/rna.ao\/rna.ao\/wp-json\/wp\/v2\/posts"}],"about":[{"href":"https:\/\/rna.ao\/rna.ao\/wp-json\/wp\/v2\/types\/post"}],"author":[{"embeddable":true,"href":"https:\/\/rna.ao\/rna.ao\/wp-json\/wp\/v2\/users\/16"}],"replies":[{"embeddable":true,"href":"https:\/\/rna.ao\/rna.ao\/wp-json\/wp\/v2\/comments?post=168644"}],"version-history":[{"count":1,"href":"https:\/\/rna.ao\/rna.ao\/wp-json\/wp\/v2\/posts\/168644\/revisions"}],"predecessor-version":[{"id":168651,"href":"https:\/\/rna.ao\/rna.ao\/wp-json\/wp\/v2\/posts\/168644\/revisions\/168651"}],"wp:featuredmedia":[{"embeddable":true,"href":"https:\/\/rna.ao\/rna.ao\/wp-json\/wp\/v2\/media\/140477"}],"wp:attachment":[{"href":"https:\/\/rna.ao\/rna.ao\/wp-json\/wp\/v2\/media?parent=168644"}],"wp:term":[{"taxonomy":"category","embeddable":true,"href":"https:\/\/rna.ao\/rna.ao\/wp-json\/wp\/v2\/categories?post=168644"},{"taxonomy":"post_tag","embeddable":true,"href":"https:\/\/rna.ao\/rna.ao\/wp-json\/wp\/v2\/tags?post=168644"}],"curies":[{"name":"wp","href":"https:\/\/api.w.org\/{rel}","templated":true}]}}