{"id":167336,"date":"2025-02-06T11:46:24","date_gmt":"2025-02-06T10:46:24","guid":{"rendered":"https:\/\/rna.ao\/rna.ao\/?p=167336"},"modified":"2025-02-06T11:48:46","modified_gmt":"2025-02-06T10:48:46","slug":"vice-presidente-da-faf-para-o-futebol-feminino-sai-de-benguela-satisfeita-com-estado-actual-da-modalidade","status":"publish","type":"post","link":"https:\/\/rna.ao\/rna.ao\/2025\/02\/06\/vice-presidente-da-faf-para-o-futebol-feminino-sai-de-benguela-satisfeita-com-estado-actual-da-modalidade\/","title":{"rendered":"Vice-presidente da FAF para o futebol feminino sa\u00ed de Benguela satisfeita com estado actual da modalidade"},"content":{"rendered":"<p><img loading=\"lazy\" class=\"size-full wp-image-167342 aligncenter\" src=\"https:\/\/rna.ao\/rna.ao\/wp-content\/uploads\/2025\/02\/vice-presidente-da-FAF-para-o-futebol-feminino-Irene-Goncalves.jpg\" alt=\"\" width=\"225\" height=\"225\" srcset=\"https:\/\/rna.ao\/rna.ao\/wp-content\/uploads\/2025\/02\/vice-presidente-da-FAF-para-o-futebol-feminino-Irene-Goncalves.jpg 225w, https:\/\/rna.ao\/rna.ao\/wp-content\/uploads\/2025\/02\/vice-presidente-da-FAF-para-o-futebol-feminino-Irene-Goncalves-150x150.jpg 150w, https:\/\/rna.ao\/rna.ao\/wp-content\/uploads\/2025\/02\/vice-presidente-da-FAF-para-o-futebol-feminino-Irene-Goncalves-100x100.jpg 100w\" sizes=\"(max-width: 225px) 100vw, 225px\" \/>A vice-presidente da FAF para o futebol feminino, Irene Gon\u00e7alves, encerrou esta quarta-feira(05), a visita de tr\u00eas dias que efectuou \u00e0 prov\u00edncia de Benguela. A alta dirigente ficou satisfeita com o que viu e saiu dali com o sentimento de miss\u00e3o cumprida. Clique, no \u00e1udio e ou\u00e7a:<\/p>\n\t<div class=\"qtmplayer-playlist-large\">\n\t\t<ul class=\"qtmplayer-playlist\">\n\t\t\t\n\t\t\t\t\t<li class=\"qtmplayer-trackitem\">\n\t\t<img src=\"https:\/\/rna.ao\/rna.ao\/wp-content\/uploads\/2025\/02\/vice-presidente-da-FAF-para-o-futebol-feminino-Irene-Goncalves-100x100.jpg\" alt=\"cover\">\t\t<span \t\t\tdata-qtmplayer-cover=\"https:\/\/rna.ao\/rna.ao\/wp-content\/uploads\/2025\/02\/vice-presidente-da-FAF-para-o-futebol-feminino-Irene-Goncalves.jpg\"\n\t\t\t\t\t\tdata-qtmplayer-file=\"https:\/\/rna.ao\/rna.ao\/wp-content\/uploads\/2025\/02\/7-IRENE-GONCANVES-06-02-25.mp3\"\n\t\t\t\t\t\tdata-qtmplayer-title=\"Vice-presidente da FAF para o futebol feminino sa\u00ed de Benguela satisfeita com estado actual da modalidade\"\n\t\t\t\t\t\tdata-qtmplayer-artist=\"Carla Quipungo\"\n\t\t\t\t\t\tdata-qtmplayer-link=\"https:\/\/rna.ao\/rna.ao\/2025\/02\/06\/vice-presidente-da-faf-para-o-futebol-feminino-sai-de-benguela-satisfeita-com-estado-actual-da-modalidade\/\"\n\t\t\t\t\t\tdata-qtmplayer-icon=\"file_download\"\n\t\t\t\t\t\tdata-qtmplayer-type=\"track\"\n\t\t\t class=\"qtmplayer-play qtmplayer-link-sec qtmplayer-play-btn\"><i class='material-icons'>play_arrow<\/i><\/span>\n\t\t<p>\n\t\t\t<span class=\"qtmplayer-tit\">Vice-presidente da FAF para o futebol feminino sa\u00ed de Benguela satisfeita com estado actual da modalidade<\/span>\n\t\t\t<span class=\"qtmplayer-art\">Carla Quipungo<\/span>\n\t\t<\/p>\n\t<\/li>\n\t\t<\/ul>\n\t<\/div>\t\t\t\n\t\n<p>&nbsp;<\/p>\n","protected":false},"excerpt":{"rendered":"<p>A vice-presidente da FAF para o futebol feminino, Irene Gon\u00e7alves, encerrou esta quarta-feira(05), a visita de tr\u00eas dias que efectuou \u00e0 prov\u00edncia de Benguela. A alta dirigente ficou satisfeita com o que viu e saiu dali com o sentimento de miss\u00e3o cumprida. Clique, no \u00e1udio e ou\u00e7a: &nbsp;<\/p>\n","protected":false},"author":9,"featured_media":167342,"comment_status":"closed","ping_status":"closed","sticky":false,"template":"","format":"standard","meta":[],"categories":[145,125,164],"tags":[],"_links":{"self":[{"href":"https:\/\/rna.ao\/rna.ao\/wp-json\/wp\/v2\/posts\/167336"}],"collection":[{"href":"https:\/\/rna.ao\/rna.ao\/wp-json\/wp\/v2\/posts"}],"about":[{"href":"https:\/\/rna.ao\/rna.ao\/wp-json\/wp\/v2\/types\/post"}],"author":[{"embeddable":true,"href":"https:\/\/rna.ao\/rna.ao\/wp-json\/wp\/v2\/users\/9"}],"replies":[{"embeddable":true,"href":"https:\/\/rna.ao\/rna.ao\/wp-json\/wp\/v2\/comments?post=167336"}],"version-history":[{"count":3,"href":"https:\/\/rna.ao\/rna.ao\/wp-json\/wp\/v2\/posts\/167336\/revisions"}],"predecessor-version":[{"id":167346,"href":"https:\/\/rna.ao\/rna.ao\/wp-json\/wp\/v2\/posts\/167336\/revisions\/167346"}],"wp:featuredmedia":[{"embeddable":true,"href":"https:\/\/rna.ao\/rna.ao\/wp-json\/wp\/v2\/media\/167342"}],"wp:attachment":[{"href":"https:\/\/rna.ao\/rna.ao\/wp-json\/wp\/v2\/media?parent=167336"}],"wp:term":[{"taxonomy":"category","embeddable":true,"href":"https:\/\/rna.ao\/rna.ao\/wp-json\/wp\/v2\/categories?post=167336"},{"taxonomy":"post_tag","embeddable":true,"href":"https:\/\/rna.ao\/rna.ao\/wp-json\/wp\/v2\/tags?post=167336"}],"curies":[{"name":"wp","href":"https:\/\/api.w.org\/{rel}","templated":true}]}}