{"id":167096,"date":"2025-02-05T09:19:56","date_gmt":"2025-02-05T08:19:56","guid":{"rendered":"https:\/\/rna.ao\/rna.ao\/?p=167096"},"modified":"2025-02-05T09:19:56","modified_gmt":"2025-02-05T08:19:56","slug":"presidente-do-ruanda-diz-que-nao-sabe-se-ha-tropas-do-seu-pais-a-combater-no-leste-da-rdc","status":"publish","type":"post","link":"https:\/\/rna.ao\/rna.ao\/2025\/02\/05\/presidente-do-ruanda-diz-que-nao-sabe-se-ha-tropas-do-seu-pais-a-combater-no-leste-da-rdc\/","title":{"rendered":"Presidente do Ruanda diz que n\u00e3o sabe se h\u00e1 tropas do seu pa\u00eds a combater no Leste da RDC"},"content":{"rendered":"<p><img loading=\"lazy\" class=\"size-full wp-image-155892 aligncenter\" src=\"https:\/\/rna.ao\/rna.ao\/wp-content\/uploads\/2024\/09\/Paul-Kagame.jpg\" alt=\"\" width=\"159\" height=\"256\" \/>O Presidente Paul Kagame diz que n\u00e3o sabe se as tropas do Ruanda est\u00e3o a combater no leste congol\u00eas. Em entrevista \u00e0 CNN, o Presidente do Ruanda, disse que apesar de ser Comandante em Chefe das Forcas de Defesa do Ruanda, n\u00e3o sabe da exist\u00eancia de soldados ruandeses no conflito que assola o leste da RDC. Para o Ministro da Comunica\u00e7\u00e3o da RDC e porta-voz do Governo congol\u00eas, Patrick Muyaya, o Conselho de Seguran\u00e7a da ONU e as organiza\u00e7\u00f5es regionais confirmam a presen\u00e7a de tropas ruandesas no leste da RDC, mas, Kagame \u00e9 a \u00fanica voz que nega a presen\u00e7a militar de Kigali no territ\u00f3rio congol\u00eas.<\/p>\n","protected":false},"excerpt":{"rendered":"<p>O Presidente Paul Kagame diz que n\u00e3o sabe se as tropas do Ruanda est\u00e3o a combater no leste congol\u00eas. Em entrevista \u00e0 CNN, o Presidente do Ruanda, disse que apesar de ser Comandante em Chefe das Forcas de Defesa do Ruanda, n\u00e3o sabe da exist\u00eancia de soldados ruandeses no conflito ...<\/p>\n","protected":false},"author":9,"featured_media":155892,"comment_status":"closed","ping_status":"closed","sticky":false,"template":"","format":"standard","meta":[],"categories":[143,137],"tags":[],"_links":{"self":[{"href":"https:\/\/rna.ao\/rna.ao\/wp-json\/wp\/v2\/posts\/167096"}],"collection":[{"href":"https:\/\/rna.ao\/rna.ao\/wp-json\/wp\/v2\/posts"}],"about":[{"href":"https:\/\/rna.ao\/rna.ao\/wp-json\/wp\/v2\/types\/post"}],"author":[{"embeddable":true,"href":"https:\/\/rna.ao\/rna.ao\/wp-json\/wp\/v2\/users\/9"}],"replies":[{"embeddable":true,"href":"https:\/\/rna.ao\/rna.ao\/wp-json\/wp\/v2\/comments?post=167096"}],"version-history":[{"count":1,"href":"https:\/\/rna.ao\/rna.ao\/wp-json\/wp\/v2\/posts\/167096\/revisions"}],"predecessor-version":[{"id":167098,"href":"https:\/\/rna.ao\/rna.ao\/wp-json\/wp\/v2\/posts\/167096\/revisions\/167098"}],"wp:featuredmedia":[{"embeddable":true,"href":"https:\/\/rna.ao\/rna.ao\/wp-json\/wp\/v2\/media\/155892"}],"wp:attachment":[{"href":"https:\/\/rna.ao\/rna.ao\/wp-json\/wp\/v2\/media?parent=167096"}],"wp:term":[{"taxonomy":"category","embeddable":true,"href":"https:\/\/rna.ao\/rna.ao\/wp-json\/wp\/v2\/categories?post=167096"},{"taxonomy":"post_tag","embeddable":true,"href":"https:\/\/rna.ao\/rna.ao\/wp-json\/wp\/v2\/tags?post=167096"}],"curies":[{"name":"wp","href":"https:\/\/api.w.org\/{rel}","templated":true}]}}