{"id":167043,"date":"2025-02-05T08:05:58","date_gmt":"2025-02-05T07:05:58","guid":{"rendered":"https:\/\/rna.ao\/rna.ao\/?p=167043"},"modified":"2025-02-05T08:05:58","modified_gmt":"2025-02-05T07:05:58","slug":"presidente-da-fab-promete-preparacao-condigna-da-seleccao-angolana","status":"publish","type":"post","link":"https:\/\/rna.ao\/rna.ao\/2025\/02\/05\/presidente-da-fab-promete-preparacao-condigna-da-seleccao-angolana\/","title":{"rendered":"Presidente da FAB promete prepara\u00e7\u00e3o condigna da selec\u00e7\u00e3o angolana"},"content":{"rendered":"<p><img loading=\"lazy\" class=\"size-full wp-image-167047 aligncenter\" src=\"https:\/\/rna.ao\/rna.ao\/wp-content\/uploads\/2025\/02\/Moniz-Silva.jpg\" alt=\"\" width=\"200\" height=\"300\" \/>O Presidente de Federa\u00e7\u00e3o Angolana de Basquetebol,\u00a0 Moniz Silva rendeu-se ao brilhantismo das atletas angolanas na vit\u00f3ria diante das mo\u00e7ambicanas e garantiu que ir\u00e3o trabalhar para garantir uma prepara\u00e7\u00e3o condigna, tendo em vista a fase final da prova continental.\u00a0Clique, no \u00e1udio e ou\u00e7a:<\/p>\n\t<div class=\"qtmplayer-playlist-large\">\n\t\t<ul class=\"qtmplayer-playlist\">\n\t\t\t\n\t\t\t\t\t<li class=\"qtmplayer-trackitem\">\n\t\t<img src=\"https:\/\/rna.ao\/rna.ao\/wp-content\/uploads\/2025\/02\/Moniz-Silva-100x100.jpg\" alt=\"cover\">\t\t<span \t\t\tdata-qtmplayer-cover=\"https:\/\/rna.ao\/rna.ao\/wp-content\/uploads\/2025\/02\/Moniz-Silva.jpg\"\n\t\t\t\t\t\tdata-qtmplayer-file=\"https:\/\/rna.ao\/rna.ao\/wp-content\/uploads\/2025\/02\/3-MONIZ-SILVA-05-02-25.mp3\"\n\t\t\t\t\t\tdata-qtmplayer-title=\"Presidente da FAB promete prepara\u00e7\u00e3o condigna da selec\u00e7\u00e3o angolana\"\n\t\t\t\t\t\tdata-qtmplayer-artist=\"Carla Quipungo\"\n\t\t\t\t\t\tdata-qtmplayer-link=\"https:\/\/rna.ao\/rna.ao\/2025\/02\/05\/presidente-da-fab-promete-preparacao-condigna-da-seleccao-angolana\/\"\n\t\t\t\t\t\tdata-qtmplayer-icon=\"file_download\"\n\t\t\t\t\t\tdata-qtmplayer-type=\"track\"\n\t\t\t class=\"qtmplayer-play qtmplayer-link-sec qtmplayer-play-btn\"><i class='material-icons'>play_arrow<\/i><\/span>\n\t\t<p>\n\t\t\t<span class=\"qtmplayer-tit\">Presidente da FAB promete prepara\u00e7\u00e3o condigna da selec\u00e7\u00e3o angolana<\/span>\n\t\t\t<span class=\"qtmplayer-art\">Carla Quipungo<\/span>\n\t\t<\/p>\n\t<\/li>\n\t\t<\/ul>\n\t<\/div>\t\t\t\n\t\n","protected":false},"excerpt":{"rendered":"<p>O Presidente de Federa\u00e7\u00e3o Angolana de Basquetebol,\u00a0 Moniz Silva rendeu-se ao brilhantismo das atletas angolanas na vit\u00f3ria diante das mo\u00e7ambicanas e garantiu que ir\u00e3o trabalhar para garantir uma prepara\u00e7\u00e3o condigna, tendo em vista a fase final da prova continental.\u00a0Clique, no \u00e1udio e ou\u00e7a:<\/p>\n","protected":false},"author":9,"featured_media":167047,"comment_status":"closed","ping_status":"closed","sticky":false,"template":"","format":"standard","meta":[],"categories":[145,125,164],"tags":[],"_links":{"self":[{"href":"https:\/\/rna.ao\/rna.ao\/wp-json\/wp\/v2\/posts\/167043"}],"collection":[{"href":"https:\/\/rna.ao\/rna.ao\/wp-json\/wp\/v2\/posts"}],"about":[{"href":"https:\/\/rna.ao\/rna.ao\/wp-json\/wp\/v2\/types\/post"}],"author":[{"embeddable":true,"href":"https:\/\/rna.ao\/rna.ao\/wp-json\/wp\/v2\/users\/9"}],"replies":[{"embeddable":true,"href":"https:\/\/rna.ao\/rna.ao\/wp-json\/wp\/v2\/comments?post=167043"}],"version-history":[{"count":1,"href":"https:\/\/rna.ao\/rna.ao\/wp-json\/wp\/v2\/posts\/167043\/revisions"}],"predecessor-version":[{"id":167048,"href":"https:\/\/rna.ao\/rna.ao\/wp-json\/wp\/v2\/posts\/167043\/revisions\/167048"}],"wp:featuredmedia":[{"embeddable":true,"href":"https:\/\/rna.ao\/rna.ao\/wp-json\/wp\/v2\/media\/167047"}],"wp:attachment":[{"href":"https:\/\/rna.ao\/rna.ao\/wp-json\/wp\/v2\/media?parent=167043"}],"wp:term":[{"taxonomy":"category","embeddable":true,"href":"https:\/\/rna.ao\/rna.ao\/wp-json\/wp\/v2\/categories?post=167043"},{"taxonomy":"post_tag","embeddable":true,"href":"https:\/\/rna.ao\/rna.ao\/wp-json\/wp\/v2\/tags?post=167043"}],"curies":[{"name":"wp","href":"https:\/\/api.w.org\/{rel}","templated":true}]}}