{"id":165402,"date":"2025-01-14T10:27:03","date_gmt":"2025-01-14T09:27:03","guid":{"rendered":"https:\/\/rna.ao\/rna.ao\/?p=165402"},"modified":"2025-01-14T10:27:03","modified_gmt":"2025-01-14T09:27:03","slug":"le-50eme-anniversaire-de-lindependance-nationale-est-une-veritable-celebration-du-peuple-angolais","status":"publish","type":"post","link":"https:\/\/rna.ao\/rna.ao\/2025\/01\/14\/le-50eme-anniversaire-de-lindependance-nationale-est-une-veritable-celebration-du-peuple-angolais\/","title":{"rendered":"Le 50\u00e8me anniversaire de l&#8217;ind\u00e9pendance nationale est une v\u00e9ritable c\u00e9l\u00e9bration du peuple angolais,"},"content":{"rendered":"<p><img loading=\"lazy\" class=\"alignnone size-full wp-image-158536\" src=\"https:\/\/rna.ao\/rna.ao\/wp-content\/uploads\/2024\/10\/50-anos-de-independencia-BANDEIRA-ANGOLA.jpg\" alt=\"\" width=\"270\" height=\"152\" \/><\/p>\n<p>Le programme du 50\u00e8me anniversaire de l&#8217;ind\u00e9pendance nationale fera de ces festivit\u00e9s une v\u00e9ritable c\u00e9l\u00e9bration du peuple angolais, en \u00e9vitant la politisation excessive et les connotations partisanes, en favorisant ainsi la participation citoyenne,selon M. Ad\u00e3o de Almeida, coordinateur de la Commission interminist\u00e9rielle charg\u00e9e d&#8217;organiser le plan des festivit\u00e9s.<\/p>\n\t<div class=\"qtmplayer-playlist-large\">\n\t\t<ul class=\"qtmplayer-playlist\">\n\t\t\t\n\t\t\t\t\t<li class=\"qtmplayer-trackitem\">\n\t\t<img src=\"https:\/\/rna.ao\/rna.ao\/wp-content\/uploads\/2024\/10\/50-anos-de-independencia-BANDEIRA-ANGOLA-100x100.jpg\" alt=\"cover\">\t\t<span \t\t\tdata-qtmplayer-cover=\"https:\/\/rna.ao\/rna.ao\/wp-content\/uploads\/2024\/10\/50-anos-de-independencia-BANDEIRA-ANGOLA.jpg\"\n\t\t\t\t\t\tdata-qtmplayer-file=\"https:\/\/rna.ao\/rna.ao\/wp-content\/uploads\/2025\/01\/AUDIOSTREAMING-13-01-2025.mp3\"\n\t\t\t\t\t\tdata-qtmplayer-title=\"Le 50\u00e8me anniversaire de l&#8217;ind\u00e9pendance nationale est une v\u00e9ritable c\u00e9l\u00e9bration du peuple angolais,\"\n\t\t\t\t\t\tdata-qtmplayer-artist=\"Carla Quipungo\"\n\t\t\t\t\t\tdata-qtmplayer-link=\"https:\/\/rna.ao\/rna.ao\/2025\/01\/14\/le-50eme-anniversaire-de-lindependance-nationale-est-une-veritable-celebration-du-peuple-angolais\/\"\n\t\t\t\t\t\tdata-qtmplayer-icon=\"file_download\"\n\t\t\t\t\t\tdata-qtmplayer-type=\"track\"\n\t\t\t class=\"qtmplayer-play qtmplayer-link-sec qtmplayer-play-btn\"><i class='material-icons'>play_arrow<\/i><\/span>\n\t\t<p>\n\t\t\t<span class=\"qtmplayer-tit\">Le 50\u00e8me anniversaire de l&#8217;ind\u00e9pendance nationale est une v\u00e9ritable c\u00e9l\u00e9bration du peuple angolais,<\/span>\n\t\t\t<span class=\"qtmplayer-art\">Carla Quipungo<\/span>\n\t\t<\/p>\n\t<\/li>\n\t\t<\/ul>\n\t<\/div>\t\t\t\n\t\n","protected":false},"excerpt":{"rendered":"<p>Le programme du 50\u00e8me anniversaire de l&#8217;ind\u00e9pendance nationale fera de ces festivit\u00e9s une v\u00e9ritable c\u00e9l\u00e9bration du peuple angolais, en \u00e9vitant la politisation excessive et les connotations partisanes, en favorisant ainsi la participation citoyenne,selon M. Ad\u00e3o de Almeida, coordinateur de la Commission interminist\u00e9rielle charg\u00e9e d&#8217;organiser le plan des festivit\u00e9s.<\/p>\n","protected":false},"author":9,"featured_media":158536,"comment_status":"closed","ping_status":"closed","sticky":false,"template":"","format":"standard","meta":[],"categories":[143,137],"tags":[],"_links":{"self":[{"href":"https:\/\/rna.ao\/rna.ao\/wp-json\/wp\/v2\/posts\/165402"}],"collection":[{"href":"https:\/\/rna.ao\/rna.ao\/wp-json\/wp\/v2\/posts"}],"about":[{"href":"https:\/\/rna.ao\/rna.ao\/wp-json\/wp\/v2\/types\/post"}],"author":[{"embeddable":true,"href":"https:\/\/rna.ao\/rna.ao\/wp-json\/wp\/v2\/users\/9"}],"replies":[{"embeddable":true,"href":"https:\/\/rna.ao\/rna.ao\/wp-json\/wp\/v2\/comments?post=165402"}],"version-history":[{"count":1,"href":"https:\/\/rna.ao\/rna.ao\/wp-json\/wp\/v2\/posts\/165402\/revisions"}],"predecessor-version":[{"id":165404,"href":"https:\/\/rna.ao\/rna.ao\/wp-json\/wp\/v2\/posts\/165402\/revisions\/165404"}],"wp:featuredmedia":[{"embeddable":true,"href":"https:\/\/rna.ao\/rna.ao\/wp-json\/wp\/v2\/media\/158536"}],"wp:attachment":[{"href":"https:\/\/rna.ao\/rna.ao\/wp-json\/wp\/v2\/media?parent=165402"}],"wp:term":[{"taxonomy":"category","embeddable":true,"href":"https:\/\/rna.ao\/rna.ao\/wp-json\/wp\/v2\/categories?post=165402"},{"taxonomy":"post_tag","embeddable":true,"href":"https:\/\/rna.ao\/rna.ao\/wp-json\/wp\/v2\/tags?post=165402"}],"curies":[{"name":"wp","href":"https:\/\/api.w.org\/{rel}","templated":true}]}}