{"id":165216,"date":"2025-01-11T11:19:54","date_gmt":"2025-01-11T10:19:54","guid":{"rendered":"https:\/\/rna.ao\/rna.ao\/?p=165216"},"modified":"2025-01-11T14:27:19","modified_gmt":"2025-01-11T13:27:19","slug":"joao-lourenco-convida-lideres-africanos-a-colocarem-agricultura-entre-as-mais-importantes-prioridades-de-cada-uma-das-nacoes-como-base-do-desenvolvimento-das-economias-da-seguranca-alimentar-e-o-cami","status":"publish","type":"post","link":"https:\/\/rna.ao\/rna.ao\/2025\/01\/11\/joao-lourenco-convida-lideres-africanos-a-colocarem-agricultura-entre-as-mais-importantes-prioridades-de-cada-uma-das-nacoes-como-base-do-desenvolvimento-das-economias-da-seguranca-alimentar-e-o-cami\/","title":{"rendered":"Jo\u00e3o Louren\u00e7o convida l\u00edderes africanos a colocarem agricultura entre as mais importantes prioridades de cada uma das na\u00e7\u00f5es como base do desenvolvimento das economias, da seguran\u00e7a alimentar e o caminho para o crescimento inclusivo"},"content":{"rendered":"<p><img loading=\"lazy\" class=\"size-full wp-image-165219 alignleft\" src=\"https:\/\/rna.ao\/rna.ao\/wp-content\/uploads\/2025\/01\/joao-lourenco.jpg\" alt=\"\" width=\"324\" height=\"182\" \/>Os Chefes de Estado do continente africano participam da Cimeira Integrado para o Desenvolvimento Agr\u00edcola com\u00a0 vista a adquirir oportunidade e analisar o rumo que o continente ber\u00e7o est\u00e1 a levar a cabo. Desta forma, tra\u00e7ar as linhas que conduzam ao cumprimento do grande objectivo da elimina\u00e7\u00e3o da fome, da redu\u00e7\u00e3o da pobreza e da promo\u00e7\u00e3o da seguran\u00e7a alimentar em \u00c1frica. O Presidente da Rep\u00fablica, Jo\u00e3o Louren\u00e7o na qualidade de vice-presidente da mesa da Assembleia da Uni\u00e3o Africana real\u00e7a que \u00e9 necess\u00e1rio trabalho e esfor\u00e7os para se encontrar consensos necess\u00e1rios \u00e0 aprova\u00e7\u00e3o de uma Estrat\u00e9gia e Plano de Ac\u00e7\u00e3o do Programa Integrado para o Desenvolvimento da Agricultura em \u00c1frica para os pr\u00f3ximos 10 anos (2026-2035), bem como a Declara\u00e7\u00e3o de Kampala, que vai de alguma forma refor\u00e7ar e renovar as orienta\u00e7\u00f5es deixadas pelos Chefes de Estado aquando da realiza\u00e7\u00e3o da Cimeira de Malado. Clique no \u00e1udio abaixo e ou\u00e7a na \u00edntegra o discurso do Presidente da Rep\u00fablica:<\/p>\n\t<div class=\"qtmplayer-playlist-large\">\n\t\t<ul class=\"qtmplayer-playlist\">\n\t\t\t\n\t\t\t\t\t<li class=\"qtmplayer-trackitem\">\n\t\t<img src=\"https:\/\/rna.ao\/rna.ao\/wp-content\/uploads\/2025\/01\/joao-lourenco-100x100.jpg\" alt=\"cover\">\t\t<span \t\t\tdata-qtmplayer-cover=\"https:\/\/rna.ao\/rna.ao\/wp-content\/uploads\/2025\/01\/joao-lourenco.jpg\"\n\t\t\t\t\t\tdata-qtmplayer-file=\"https:\/\/rna.ao\/rna.ao\/wp-content\/uploads\/2025\/01\/PR.JOAO-LOURENCO-DISCURSO-EM-KAMPALA-11-01-2025.mp3\"\n\t\t\t\t\t\tdata-qtmplayer-title=\"Jo\u00e3o Louren\u00e7o convida l\u00edderes africanos a colocarem agricultura entre as mais importantes prioridades de cada uma das na\u00e7\u00f5es como base do desenvolvimento das economias, da seguran\u00e7a alimentar e o caminho para o crescimento inclusivo\"\n\t\t\t\t\t\tdata-qtmplayer-artist=\"Carla Quipungo\"\n\t\t\t\t\t\tdata-qtmplayer-link=\"https:\/\/rna.ao\/rna.ao\/2025\/01\/11\/joao-lourenco-convida-lideres-africanos-a-colocarem-agricultura-entre-as-mais-importantes-prioridades-de-cada-uma-das-nacoes-como-base-do-desenvolvimento-das-economias-da-seguranca-alimentar-e-o-cami\/\"\n\t\t\t\t\t\tdata-qtmplayer-icon=\"file_download\"\n\t\t\t\t\t\tdata-qtmplayer-type=\"track\"\n\t\t\t class=\"qtmplayer-play qtmplayer-link-sec qtmplayer-play-btn\"><i class='material-icons'>play_arrow<\/i><\/span>\n\t\t<p>\n\t\t\t<span class=\"qtmplayer-tit\">Jo\u00e3o Louren\u00e7o convida l\u00edderes africanos a colocarem agricultura entre as mais importantes prioridades de cada uma das na\u00e7\u00f5es como base do desenvolvimento das economias, da seguran\u00e7a alimentar e o caminho para o crescimento inclusivo<\/span>\n\t\t\t<span class=\"qtmplayer-art\">Carla Quipungo<\/span>\n\t\t<\/p>\n\t<\/li>\n\t\t<\/ul>\n\t<\/div>\t\t\t\n\t\n","protected":false},"excerpt":{"rendered":"<p>Os Chefes de Estado do continente africano participam da Cimeira Integrado para o Desenvolvimento Agr\u00edcola com\u00a0 vista a adquirir oportunidade e analisar o rumo que o continente ber\u00e7o est\u00e1 a levar a cabo. Desta forma, tra\u00e7ar as linhas que conduzam ao cumprimento do grande objectivo da elimina\u00e7\u00e3o da fome, da ...<\/p>\n","protected":false},"author":9,"featured_media":165219,"comment_status":"closed","ping_status":"closed","sticky":false,"template":"","format":"standard","meta":[],"categories":[142,121,164,163],"tags":[],"_links":{"self":[{"href":"https:\/\/rna.ao\/rna.ao\/wp-json\/wp\/v2\/posts\/165216"}],"collection":[{"href":"https:\/\/rna.ao\/rna.ao\/wp-json\/wp\/v2\/posts"}],"about":[{"href":"https:\/\/rna.ao\/rna.ao\/wp-json\/wp\/v2\/types\/post"}],"author":[{"embeddable":true,"href":"https:\/\/rna.ao\/rna.ao\/wp-json\/wp\/v2\/users\/9"}],"replies":[{"embeddable":true,"href":"https:\/\/rna.ao\/rna.ao\/wp-json\/wp\/v2\/comments?post=165216"}],"version-history":[{"count":3,"href":"https:\/\/rna.ao\/rna.ao\/wp-json\/wp\/v2\/posts\/165216\/revisions"}],"predecessor-version":[{"id":165229,"href":"https:\/\/rna.ao\/rna.ao\/wp-json\/wp\/v2\/posts\/165216\/revisions\/165229"}],"wp:featuredmedia":[{"embeddable":true,"href":"https:\/\/rna.ao\/rna.ao\/wp-json\/wp\/v2\/media\/165219"}],"wp:attachment":[{"href":"https:\/\/rna.ao\/rna.ao\/wp-json\/wp\/v2\/media?parent=165216"}],"wp:term":[{"taxonomy":"category","embeddable":true,"href":"https:\/\/rna.ao\/rna.ao\/wp-json\/wp\/v2\/categories?post=165216"},{"taxonomy":"post_tag","embeddable":true,"href":"https:\/\/rna.ao\/rna.ao\/wp-json\/wp\/v2\/tags?post=165216"}],"curies":[{"name":"wp","href":"https:\/\/api.w.org\/{rel}","templated":true}]}}