{"id":165185,"date":"2025-01-11T09:40:12","date_gmt":"2025-01-11T08:40:12","guid":{"rendered":"https:\/\/rna.ao\/rna.ao\/?p=165185"},"modified":"2025-01-11T09:40:12","modified_gmt":"2025-01-11T08:40:12","slug":"sector-privado-no-namibe-cria-mais-de-seiscentos-postos-de-trabalho-em-2024","status":"publish","type":"post","link":"https:\/\/rna.ao\/rna.ao\/2025\/01\/11\/sector-privado-no-namibe-cria-mais-de-seiscentos-postos-de-trabalho-em-2024\/","title":{"rendered":"Sector privado no Namibe cria mais de seiscentos postos de trabalho em 2024"},"content":{"rendered":"<p><img loading=\"lazy\" class=\"wp-image-157738 aligncenter\" src=\"https:\/\/rna.ao\/rna.ao\/wp-content\/uploads\/2024\/10\/Trabalhadores-da-empresa-Afri-latino-770x233.jpg\" alt=\"\" width=\"539\" height=\"163\" srcset=\"https:\/\/rna.ao\/rna.ao\/wp-content\/uploads\/2024\/10\/Trabalhadores-da-empresa-Afri-latino-770x233.jpg 770w, https:\/\/rna.ao\/rna.ao\/wp-content\/uploads\/2024\/10\/Trabalhadores-da-empresa-Afri-latino-1170x353.jpg 1170w, https:\/\/rna.ao\/rna.ao\/wp-content\/uploads\/2024\/10\/Trabalhadores-da-empresa-Afri-latino-768x232.jpg 768w, https:\/\/rna.ao\/rna.ao\/wp-content\/uploads\/2024\/10\/Trabalhadores-da-empresa-Afri-latino-1536x464.jpg 1536w, https:\/\/rna.ao\/rna.ao\/wp-content\/uploads\/2024\/10\/Trabalhadores-da-empresa-Afri-latino.jpg 1920w\" sizes=\"(max-width: 539px) 100vw, 539px\" \/>O munic\u00edpio do T\u00f4mbwa, Prov\u00edncia do Namibe, o sector privado criou mais de seiscentos postos de trabalho em 2024. Destes n\u00fameros de empregos criados destaque para o sector das pescas. Clique, no \u00e1udio abaixo, e saiba mais com o jornalista Ermelin Patrice:<\/p>\n\t<div class=\"qtmplayer-playlist-large\">\n\t\t<ul class=\"qtmplayer-playlist\">\n\t\t\t\n\t\t\t\t\t<li class=\"qtmplayer-trackitem\">\n\t\t<img src=\"https:\/\/rna.ao\/rna.ao\/wp-content\/uploads\/2022\/01\/Teletrabalho-100x100.png\" alt=\"cover\">\t\t<span \t\t\tdata-qtmplayer-cover=\"https:\/\/rna.ao\/rna.ao\/wp-content\/uploads\/2022\/01\/Teletrabalho.png\"\n\t\t\t\t\t\tdata-qtmplayer-file=\"https:\/\/rna.ao\/rna.ao\/wp-content\/uploads\/2025\/01\/NAMIBE-EMPREGO-07HRS.mp3\"\n\t\t\t\t\t\tdata-qtmplayer-title=\"Sector privado no Namibe cria mais de seiscentos postos de trabalho em 2024\"\n\t\t\t\t\t\tdata-qtmplayer-artist=\"Carla Quipungo\"\n\t\t\t\t\t\tdata-qtmplayer-link=\"https:\/\/rna.ao\/rna.ao\/2025\/01\/11\/sector-privado-no-namibe-cria-mais-de-seiscentos-postos-de-trabalho-em-2024\/\"\n\t\t\t\t\t\tdata-qtmplayer-icon=\"file_download\"\n\t\t\t\t\t\tdata-qtmplayer-type=\"track\"\n\t\t\t class=\"qtmplayer-play qtmplayer-link-sec qtmplayer-play-btn\"><i class='material-icons'>play_arrow<\/i><\/span>\n\t\t<p>\n\t\t\t<span class=\"qtmplayer-tit\">Sector privado no Namibe cria mais de seiscentos postos de trabalho em 2024<\/span>\n\t\t\t<span class=\"qtmplayer-art\">Carla Quipungo<\/span>\n\t\t<\/p>\n\t<\/li>\n\t\t<\/ul>\n\t<\/div>\t\t\t\n\t\n","protected":false},"excerpt":{"rendered":"<p>O munic\u00edpio do T\u00f4mbwa, Prov\u00edncia do Namibe, o sector privado criou mais de seiscentos postos de trabalho em 2024. Destes n\u00fameros de empregos criados destaque para o sector das pescas. Clique, no \u00e1udio abaixo, e saiba mais com o jornalista Ermelin Patrice:<\/p>\n","protected":false},"author":9,"featured_media":49352,"comment_status":"closed","ping_status":"closed","sticky":false,"template":"","format":"standard","meta":[],"categories":[142,121,163],"tags":[],"_links":{"self":[{"href":"https:\/\/rna.ao\/rna.ao\/wp-json\/wp\/v2\/posts\/165185"}],"collection":[{"href":"https:\/\/rna.ao\/rna.ao\/wp-json\/wp\/v2\/posts"}],"about":[{"href":"https:\/\/rna.ao\/rna.ao\/wp-json\/wp\/v2\/types\/post"}],"author":[{"embeddable":true,"href":"https:\/\/rna.ao\/rna.ao\/wp-json\/wp\/v2\/users\/9"}],"replies":[{"embeddable":true,"href":"https:\/\/rna.ao\/rna.ao\/wp-json\/wp\/v2\/comments?post=165185"}],"version-history":[{"count":1,"href":"https:\/\/rna.ao\/rna.ao\/wp-json\/wp\/v2\/posts\/165185\/revisions"}],"predecessor-version":[{"id":165187,"href":"https:\/\/rna.ao\/rna.ao\/wp-json\/wp\/v2\/posts\/165185\/revisions\/165187"}],"wp:featuredmedia":[{"embeddable":true,"href":"https:\/\/rna.ao\/rna.ao\/wp-json\/wp\/v2\/media\/49352"}],"wp:attachment":[{"href":"https:\/\/rna.ao\/rna.ao\/wp-json\/wp\/v2\/media?parent=165185"}],"wp:term":[{"taxonomy":"category","embeddable":true,"href":"https:\/\/rna.ao\/rna.ao\/wp-json\/wp\/v2\/categories?post=165185"},{"taxonomy":"post_tag","embeddable":true,"href":"https:\/\/rna.ao\/rna.ao\/wp-json\/wp\/v2\/tags?post=165185"}],"curies":[{"name":"wp","href":"https:\/\/api.w.org\/{rel}","templated":true}]}}