{"id":165112,"date":"2025-01-10T13:19:41","date_gmt":"2025-01-10T12:19:41","guid":{"rendered":"https:\/\/rna.ao\/rna.ao\/?p=165112"},"modified":"2025-01-10T13:26:57","modified_gmt":"2025-01-10T12:26:57","slug":"moxico-incendio-numa-residencia-de-comercializacao-ilegal-de-combustivel-no-luau-deixa-4-mortos-e-sete-feridos-graves","status":"publish","type":"post","link":"https:\/\/rna.ao\/rna.ao\/2025\/01\/10\/moxico-incendio-numa-residencia-de-comercializacao-ilegal-de-combustivel-no-luau-deixa-4-mortos-e-sete-feridos-graves\/","title":{"rendered":"Inc\u00eandio mata 4 pessoas da mesma fam\u00edlia no Moxico"},"content":{"rendered":"<p><img loading=\"lazy\" class=\"size-full wp-image-118244 aligncenter\" src=\"https:\/\/rna.ao\/rna.ao\/wp-content\/uploads\/2023\/10\/INCeNDIO.jpg\" alt=\"\" width=\"331\" height=\"221\" \/>Quatro membros da mesma fam\u00edlia perderam a vida em consequ\u00eancia de um inc\u00eandio que deflagrou ontem, quinta-feira(09) numa resid\u00eancia em que se comercializava combust\u00edvel. O inc\u00eandio deixou ainda sete feridos, dois deles em estado grave, que foram evacuados para Rep\u00fablica Democr\u00e1tica do Congo. Saiba mais dados, no \u00e1udio abaixo, com o rep\u00f3rter Il\u00eddio S\u00e9rgio:<\/p>\n\t<div class=\"qtmplayer-playlist-large\">\n\t\t<ul class=\"qtmplayer-playlist\">\n\t\t\t\n\t\t\t\t\t<li class=\"qtmplayer-trackitem\">\n\t\t<img src=\"https:\/\/rna.ao\/rna.ao\/wp-content\/uploads\/2023\/10\/INCeNDIO-100x100.jpg\" alt=\"cover\">\t\t<span \t\t\tdata-qtmplayer-cover=\"https:\/\/rna.ao\/rna.ao\/wp-content\/uploads\/2023\/10\/INCeNDIO.jpg\"\n\t\t\t\t\t\tdata-qtmplayer-file=\"https:\/\/rna.ao\/rna.ao\/wp-content\/uploads\/2025\/01\/MOXICO-INCENDIO-13HRS.mp3\"\n\t\t\t\t\t\tdata-qtmplayer-title=\"Inc\u00eandio mata 4 pessoas da mesma fam\u00edlia no Moxico\"\n\t\t\t\t\t\tdata-qtmplayer-artist=\"Carla Quipungo\"\n\t\t\t\t\t\tdata-qtmplayer-link=\"https:\/\/rna.ao\/rna.ao\/2025\/01\/10\/moxico-incendio-numa-residencia-de-comercializacao-ilegal-de-combustivel-no-luau-deixa-4-mortos-e-sete-feridos-graves\/\"\n\t\t\t\t\t\tdata-qtmplayer-icon=\"file_download\"\n\t\t\t\t\t\tdata-qtmplayer-type=\"track\"\n\t\t\t class=\"qtmplayer-play qtmplayer-link-sec qtmplayer-play-btn\"><i class='material-icons'>play_arrow<\/i><\/span>\n\t\t<p>\n\t\t\t<span class=\"qtmplayer-tit\">Inc\u00eandio mata 4 pessoas da mesma fam\u00edlia no Moxico<\/span>\n\t\t\t<span class=\"qtmplayer-art\">Carla Quipungo<\/span>\n\t\t<\/p>\n\t<\/li>\n\t\t<\/ul>\n\t<\/div>\t\t\t\n\t\n","protected":false},"excerpt":{"rendered":"<p>Quatro membros da mesma fam\u00edlia perderam a vida em consequ\u00eancia de um inc\u00eandio que deflagrou ontem, quinta-feira(09) numa resid\u00eancia em que se comercializava combust\u00edvel. O inc\u00eandio deixou ainda sete feridos, dois deles em estado grave, que foram evacuados para Rep\u00fablica Democr\u00e1tica do Congo. Saiba mais dados, no \u00e1udio abaixo, com ...<\/p>\n","protected":false},"author":9,"featured_media":118244,"comment_status":"closed","ping_status":"closed","sticky":false,"template":"","format":"standard","meta":[],"categories":[142,121,163],"tags":[],"_links":{"self":[{"href":"https:\/\/rna.ao\/rna.ao\/wp-json\/wp\/v2\/posts\/165112"}],"collection":[{"href":"https:\/\/rna.ao\/rna.ao\/wp-json\/wp\/v2\/posts"}],"about":[{"href":"https:\/\/rna.ao\/rna.ao\/wp-json\/wp\/v2\/types\/post"}],"author":[{"embeddable":true,"href":"https:\/\/rna.ao\/rna.ao\/wp-json\/wp\/v2\/users\/9"}],"replies":[{"embeddable":true,"href":"https:\/\/rna.ao\/rna.ao\/wp-json\/wp\/v2\/comments?post=165112"}],"version-history":[{"count":2,"href":"https:\/\/rna.ao\/rna.ao\/wp-json\/wp\/v2\/posts\/165112\/revisions"}],"predecessor-version":[{"id":165120,"href":"https:\/\/rna.ao\/rna.ao\/wp-json\/wp\/v2\/posts\/165112\/revisions\/165120"}],"wp:featuredmedia":[{"embeddable":true,"href":"https:\/\/rna.ao\/rna.ao\/wp-json\/wp\/v2\/media\/118244"}],"wp:attachment":[{"href":"https:\/\/rna.ao\/rna.ao\/wp-json\/wp\/v2\/media?parent=165112"}],"wp:term":[{"taxonomy":"category","embeddable":true,"href":"https:\/\/rna.ao\/rna.ao\/wp-json\/wp\/v2\/categories?post=165112"},{"taxonomy":"post_tag","embeddable":true,"href":"https:\/\/rna.ao\/rna.ao\/wp-json\/wp\/v2\/tags?post=165112"}],"curies":[{"name":"wp","href":"https:\/\/api.w.org\/{rel}","templated":true}]}}