{"id":16272,"date":"2021-01-30T04:47:40","date_gmt":"2021-01-30T03:47:40","guid":{"rendered":"https:\/\/rna.ao\/rna.ao\/?p=16272"},"modified":"2021-01-30T04:47:40","modified_gmt":"2021-01-30T03:47:40","slug":"cerca-de-treze-mil-arvores-serao-plantadas-em-todo-o-pais-ate-2022","status":"publish","type":"post","link":"https:\/\/rna.ao\/rna.ao\/2021\/01\/30\/cerca-de-treze-mil-arvores-serao-plantadas-em-todo-o-pais-ate-2022\/","title":{"rendered":"Cerca de treze mil \u00e1rvores ser\u00e3o plantadas em todo o pa\u00eds at\u00e9 2022"},"content":{"rendered":"<p><img loading=\"lazy\" class=\"size-full wp-image-16209 alignleft\" src=\"https:\/\/rna.ao\/rna.ao\/wp-content\/uploads\/2021\/01\/Paula-Coelho-29.jpg\" alt=\"\" width=\"275\" height=\"183\" \/>Cerca de treze milh\u00f5es de \u00e1rvores, de v\u00e1rias esp\u00e9cies, v\u00e3o ser plantadas nas cidades, vilas, bairros e parques de recrea\u00e7\u00e3o do pa\u00eds at\u00e9 ao pr\u00f3ximo ano, pelo executivo angolano.<\/p>\n<p>Em entrevista \u00e0 RNA, a Secret\u00e1ria de Estado para o Ambiente, Paula Francisco Coelho (na foto), disse que a meta consta da estrat\u00e9gia nacional, e o plano de a\u00e7\u00e3o da biodiversidade aprovado, recentemente, cujo processo vai contar com o apoio da sociedade civil. Clique no \u00e1udio, abaixo, e ou\u00e7a:<\/p>\n\t<div class=\"qtmplayer-playlist-large\">\n\t\t<ul class=\"qtmplayer-playlist\">\n\t\t\t\n\t\t\t\t\t<li class=\"qtmplayer-trackitem\">\n\t\t<img src=\"https:\/\/rna.ao\/rna.ao\/wp-content\/uploads\/2021\/01\/Paula-Francisco-Coelho-30-100x100.jpg\" alt=\"cover\">\t\t<span \t\t\tdata-qtmplayer-cover=\"https:\/\/rna.ao\/rna.ao\/wp-content\/uploads\/2021\/01\/Paula-Francisco-Coelho-30-370x370.jpg\"\n\t\t\t\t\t\tdata-qtmplayer-file=\"https:\/\/rna.ao\/rna.ao\/wp-content\/uploads\/2021\/01\/PAULA-FRANCISCO-30.mp3\"\n\t\t\t\t\t\tdata-qtmplayer-title=\"Cerca de treze mil \u00e1rvores ser\u00e3o plantadas em todo o pa\u00eds at\u00e9 2022\"\n\t\t\t\t\t\tdata-qtmplayer-artist=\"RNA\"\n\t\t\t\t\t\tdata-qtmplayer-link=\"https:\/\/rna.ao\/rna.ao\/2021\/01\/30\/cerca-de-treze-mil-arvores-serao-plantadas-em-todo-o-pais-ate-2022\/\"\n\t\t\t\t\t\tdata-qtmplayer-icon=\"file_download\"\n\t\t\t\t\t\tdata-qtmplayer-type=\"track\"\n\t\t\t class=\"qtmplayer-play qtmplayer-link-sec qtmplayer-play-btn\"><i class='material-icons'>play_arrow<\/i><\/span>\n\t\t<p>\n\t\t\t<span class=\"qtmplayer-tit\">Cerca de treze mil \u00e1rvores ser\u00e3o plantadas em todo o pa\u00eds at\u00e9 2022<\/span>\n\t\t\t<span class=\"qtmplayer-art\">RNA<\/span>\n\t\t<\/p>\n\t<\/li>\n\t\t<\/ul>\n\t<\/div>\t\t\t\n\t\n<p>Fonte: RNA<\/p>\n","protected":false},"excerpt":{"rendered":"<p>Cerca de treze milh\u00f5es de \u00e1rvores, de v\u00e1rias esp\u00e9cies, v\u00e3o ser plantadas nas cidades, vilas, bairros e parques de recrea\u00e7\u00e3o do pa\u00eds at\u00e9 ao pr\u00f3ximo ano, pelo executivo angolano. Em entrevista \u00e0 RNA, a Secret\u00e1ria de Estado para o Ambiente, Paula Francisco Coelho (na foto), disse que a meta consta ...<\/p>\n","protected":false},"author":8,"featured_media":16274,"comment_status":"closed","ping_status":"closed","sticky":false,"template":"","format":"standard","meta":[],"categories":[137,163],"tags":[],"_links":{"self":[{"href":"https:\/\/rna.ao\/rna.ao\/wp-json\/wp\/v2\/posts\/16272"}],"collection":[{"href":"https:\/\/rna.ao\/rna.ao\/wp-json\/wp\/v2\/posts"}],"about":[{"href":"https:\/\/rna.ao\/rna.ao\/wp-json\/wp\/v2\/types\/post"}],"author":[{"embeddable":true,"href":"https:\/\/rna.ao\/rna.ao\/wp-json\/wp\/v2\/users\/8"}],"replies":[{"embeddable":true,"href":"https:\/\/rna.ao\/rna.ao\/wp-json\/wp\/v2\/comments?post=16272"}],"version-history":[{"count":1,"href":"https:\/\/rna.ao\/rna.ao\/wp-json\/wp\/v2\/posts\/16272\/revisions"}],"predecessor-version":[{"id":16275,"href":"https:\/\/rna.ao\/rna.ao\/wp-json\/wp\/v2\/posts\/16272\/revisions\/16275"}],"wp:featuredmedia":[{"embeddable":true,"href":"https:\/\/rna.ao\/rna.ao\/wp-json\/wp\/v2\/media\/16274"}],"wp:attachment":[{"href":"https:\/\/rna.ao\/rna.ao\/wp-json\/wp\/v2\/media?parent=16272"}],"wp:term":[{"taxonomy":"category","embeddable":true,"href":"https:\/\/rna.ao\/rna.ao\/wp-json\/wp\/v2\/categories?post=16272"},{"taxonomy":"post_tag","embeddable":true,"href":"https:\/\/rna.ao\/rna.ao\/wp-json\/wp\/v2\/tags?post=16272"}],"curies":[{"name":"wp","href":"https:\/\/api.w.org\/{rel}","templated":true}]}}