{"id":16265,"date":"2021-01-30T04:29:07","date_gmt":"2021-01-30T03:29:07","guid":{"rendered":"https:\/\/rna.ao\/rna.ao\/?p=16265"},"modified":"2021-01-30T04:35:00","modified_gmt":"2021-01-30T03:35:00","slug":"moxico-pgr-apreende-bens-adquiridos-com-dinheiro-do-estado-e-autores-do-crime","status":"publish","type":"post","link":"https:\/\/rna.ao\/rna.ao\/2021\/01\/30\/moxico-pgr-apreende-bens-adquiridos-com-dinheiro-do-estado-e-autores-do-crime\/","title":{"rendered":"Moxico: PGR apreende bens adquiridos com dinheiro do Estado e autores do crime"},"content":{"rendered":"<p><img loading=\"lazy\" class=\" wp-image-16267 alignleft\" src=\"https:\/\/rna.ao\/rna.ao\/wp-content\/uploads\/2021\/01\/Algemas-30.jpg\" alt=\"\" width=\"259\" height=\"194\" \/>A Procuradoria-Geral da Rep\u00fablica apreendeu sexta-feira, 29 de Janeiro, na Prov\u00edncia do Moxico, bens m\u00f3veis e im\u00f3veis, pertencentes a ex-gestores p\u00fablicos, mas constru\u00eddos com dinheiro do Estado angolano.<\/p>\n<p>Na opera\u00e7\u00e3o foram, tamb\u00e9m, detidos alguns dos antigos funcion\u00e1rios p\u00fablicos detentores destes bens, adquiridos com dinheiro do Estado. Ou\u00e7a, abaixo, com mais desenvolvimento na reportagem com Il\u00eddio S\u00e9rgio:<\/p>\n\t<div class=\"qtmplayer-playlist-large\">\n\t\t<ul class=\"qtmplayer-playlist\">\n\t\t\t\n\t\t\t\t\t<li class=\"qtmplayer-trackitem\">\n\t\t<img src=\"https:\/\/rna.ao\/rna.ao\/wp-content\/uploads\/2021\/01\/Martelo-e-algemas-30-100x100.jpg\" alt=\"cover\">\t\t<span \t\t\tdata-qtmplayer-cover=\"https:\/\/rna.ao\/rna.ao\/wp-content\/uploads\/2021\/01\/Martelo-e-algemas-30.jpg\"\n\t\t\t\t\t\tdata-qtmplayer-file=\"https:\/\/rna.ao\/rna.ao\/wp-content\/uploads\/2021\/01\/ILIDIO-SERGIO-30.mp3\"\n\t\t\t\t\t\tdata-qtmplayer-title=\"Moxico: PGR apreende bens adquiridos com dinheiro do Estado e autores do crime\"\n\t\t\t\t\t\tdata-qtmplayer-artist=\"RNA\"\n\t\t\t\t\t\tdata-qtmplayer-link=\"https:\/\/rna.ao\/rna.ao\/2021\/01\/30\/moxico-pgr-apreende-bens-adquiridos-com-dinheiro-do-estado-e-autores-do-crime\/\"\n\t\t\t\t\t\tdata-qtmplayer-icon=\"file_download\"\n\t\t\t\t\t\tdata-qtmplayer-type=\"track\"\n\t\t\t class=\"qtmplayer-play qtmplayer-link-sec qtmplayer-play-btn\"><i class='material-icons'>play_arrow<\/i><\/span>\n\t\t<p>\n\t\t\t<span class=\"qtmplayer-tit\">Moxico: PGR apreende bens adquiridos com dinheiro do Estado e autores do crime<\/span>\n\t\t\t<span class=\"qtmplayer-art\">RNA<\/span>\n\t\t<\/p>\n\t<\/li>\n\t\t<\/ul>\n\t<\/div>\t\t\t\n\t\n<p>Fonte: RNA<\/p>\n","protected":false},"excerpt":{"rendered":"<p>A Procuradoria-Geral da Rep\u00fablica apreendeu sexta-feira, 29 de Janeiro, na Prov\u00edncia do Moxico, bens m\u00f3veis e im\u00f3veis, pertencentes a ex-gestores p\u00fablicos, mas constru\u00eddos com dinheiro do Estado angolano. Na opera\u00e7\u00e3o foram, tamb\u00e9m, detidos alguns dos antigos funcion\u00e1rios p\u00fablicos detentores destes bens, adquiridos com dinheiro do Estado. Ou\u00e7a, abaixo, com mais ...<\/p>\n","protected":false},"author":8,"featured_media":16268,"comment_status":"closed","ping_status":"closed","sticky":false,"template":"","format":"standard","meta":[],"categories":[121,163],"tags":[],"_links":{"self":[{"href":"https:\/\/rna.ao\/rna.ao\/wp-json\/wp\/v2\/posts\/16265"}],"collection":[{"href":"https:\/\/rna.ao\/rna.ao\/wp-json\/wp\/v2\/posts"}],"about":[{"href":"https:\/\/rna.ao\/rna.ao\/wp-json\/wp\/v2\/types\/post"}],"author":[{"embeddable":true,"href":"https:\/\/rna.ao\/rna.ao\/wp-json\/wp\/v2\/users\/8"}],"replies":[{"embeddable":true,"href":"https:\/\/rna.ao\/rna.ao\/wp-json\/wp\/v2\/comments?post=16265"}],"version-history":[{"count":2,"href":"https:\/\/rna.ao\/rna.ao\/wp-json\/wp\/v2\/posts\/16265\/revisions"}],"predecessor-version":[{"id":16271,"href":"https:\/\/rna.ao\/rna.ao\/wp-json\/wp\/v2\/posts\/16265\/revisions\/16271"}],"wp:featuredmedia":[{"embeddable":true,"href":"https:\/\/rna.ao\/rna.ao\/wp-json\/wp\/v2\/media\/16268"}],"wp:attachment":[{"href":"https:\/\/rna.ao\/rna.ao\/wp-json\/wp\/v2\/media?parent=16265"}],"wp:term":[{"taxonomy":"category","embeddable":true,"href":"https:\/\/rna.ao\/rna.ao\/wp-json\/wp\/v2\/categories?post=16265"},{"taxonomy":"post_tag","embeddable":true,"href":"https:\/\/rna.ao\/rna.ao\/wp-json\/wp\/v2\/tags?post=16265"}],"curies":[{"name":"wp","href":"https:\/\/api.w.org\/{rel}","templated":true}]}}