{"id":16254,"date":"2021-01-30T03:59:15","date_gmt":"2021-01-30T02:59:15","guid":{"rendered":"https:\/\/rna.ao\/rna.ao\/?p=16254"},"modified":"2021-01-30T03:59:15","modified_gmt":"2021-01-30T02:59:15","slug":"mini-cimeira-de-luanda-reitera-validade-das-eleicoes-que-reconduziram-fautin-touadera-na-rca","status":"publish","type":"post","link":"https:\/\/rna.ao\/rna.ao\/2021\/01\/30\/mini-cimeira-de-luanda-reitera-validade-das-eleicoes-que-reconduziram-fautin-touadera-na-rca\/","title":{"rendered":"Mini-cimeira de Luanda reitera validade das elei\u00e7\u00f5es que reconduziram Fautin Touadera na RCA"},"content":{"rendered":"<p><img loading=\"lazy\" class=\"size-full wp-image-16257 alignleft\" src=\"https:\/\/rna.ao\/rna.ao\/wp-content\/uploads\/2021\/01\/Mini-cimeira-de-Luanda-29.jpg\" alt=\"\" width=\"559\" height=\"373\" \/>O Presidente da Rep\u00fablica de Angola solicitou o apoio dos seus hom\u00f3logos do Congo, Chade, Ruanda e Sud\u00e3o, para o alcance da paz, seguran\u00e7a e estabilidade pol\u00edtica e social na Rep\u00fablica Centro Africana (RCA).<\/p>\n<p>Jo\u00e3o Louren\u00e7o falava sexta-feira, 29 de Janeiro, em Luanda, na qualidade de Presidente em exerc\u00edcio da Confer\u00eancia Internacional da Regi\u00e3o dos Grandes Lagos, na mini-cimeira que abordou a situa\u00e7\u00e3o pol\u00edtica e de seguran\u00e7a na RCA.<\/p>\n<p>A mini-cimeira de Luanda, que juntou os Presidentes de Angola, Rep\u00fablica Centro Africana, Congo e Chade, e os enviados do Ruanda e Sud\u00e3o, adoptou importantes medidas sobre a paz e seguran\u00e7a, naquele pa\u00eds. Ou\u00e7a, abaixo, toda informa\u00e7\u00e3o na reportagem com Manuel Esperan\u00e7a:<\/p>\n\t<div class=\"qtmplayer-playlist-large\">\n\t\t<ul class=\"qtmplayer-playlist\">\n\t\t\t\n\t\t\t\t\t<li class=\"qtmplayer-trackitem\">\n\t\t<img src=\"https:\/\/rna.ao\/rna.ao\/wp-content\/uploads\/2021\/01\/PR-mini-cimeira-29-100x100.jpg\" alt=\"cover\">\t\t<span \t\t\tdata-qtmplayer-cover=\"https:\/\/rna.ao\/rna.ao\/wp-content\/uploads\/2021\/01\/PR-mini-cimeira-29.jpg\"\n\t\t\t\t\t\tdata-qtmplayer-file=\"https:\/\/rna.ao\/rna.ao\/wp-content\/uploads\/2021\/01\/MANUEL-ESPERANCA-30.mp3\"\n\t\t\t\t\t\tdata-qtmplayer-title=\"Mini-cimeira de Luanda reitera validade das elei\u00e7\u00f5es que reconduziram Fautin Touadera na RCA\"\n\t\t\t\t\t\tdata-qtmplayer-artist=\"RNA\"\n\t\t\t\t\t\tdata-qtmplayer-link=\"https:\/\/rna.ao\/rna.ao\/2021\/01\/30\/mini-cimeira-de-luanda-reitera-validade-das-eleicoes-que-reconduziram-fautin-touadera-na-rca\/\"\n\t\t\t\t\t\tdata-qtmplayer-icon=\"file_download\"\n\t\t\t\t\t\tdata-qtmplayer-type=\"track\"\n\t\t\t class=\"qtmplayer-play qtmplayer-link-sec qtmplayer-play-btn\"><i class='material-icons'>play_arrow<\/i><\/span>\n\t\t<p>\n\t\t\t<span class=\"qtmplayer-tit\">Mini-cimeira de Luanda reitera validade das elei\u00e7\u00f5es que reconduziram Fautin Touadera na RCA<\/span>\n\t\t\t<span class=\"qtmplayer-art\">RNA<\/span>\n\t\t<\/p>\n\t<\/li>\n\t\t<\/ul>\n\t<\/div>\t\t\t\n\t\n<p>Fonte: RNA<\/p>\n","protected":false},"excerpt":{"rendered":"<p>O Presidente da Rep\u00fablica de Angola solicitou o apoio dos seus hom\u00f3logos do Congo, Chade, Ruanda e Sud\u00e3o, para o alcance da paz, seguran\u00e7a e estabilidade pol\u00edtica e social na Rep\u00fablica Centro Africana (RCA). Jo\u00e3o Louren\u00e7o falava sexta-feira, 29 de Janeiro, em Luanda, na qualidade de Presidente em exerc\u00edcio da ...<\/p>\n","protected":false},"author":8,"featured_media":16258,"comment_status":"closed","ping_status":"closed","sticky":false,"template":"","format":"standard","meta":[],"categories":[142,163],"tags":[],"_links":{"self":[{"href":"https:\/\/rna.ao\/rna.ao\/wp-json\/wp\/v2\/posts\/16254"}],"collection":[{"href":"https:\/\/rna.ao\/rna.ao\/wp-json\/wp\/v2\/posts"}],"about":[{"href":"https:\/\/rna.ao\/rna.ao\/wp-json\/wp\/v2\/types\/post"}],"author":[{"embeddable":true,"href":"https:\/\/rna.ao\/rna.ao\/wp-json\/wp\/v2\/users\/8"}],"replies":[{"embeddable":true,"href":"https:\/\/rna.ao\/rna.ao\/wp-json\/wp\/v2\/comments?post=16254"}],"version-history":[{"count":1,"href":"https:\/\/rna.ao\/rna.ao\/wp-json\/wp\/v2\/posts\/16254\/revisions"}],"predecessor-version":[{"id":16259,"href":"https:\/\/rna.ao\/rna.ao\/wp-json\/wp\/v2\/posts\/16254\/revisions\/16259"}],"wp:featuredmedia":[{"embeddable":true,"href":"https:\/\/rna.ao\/rna.ao\/wp-json\/wp\/v2\/media\/16258"}],"wp:attachment":[{"href":"https:\/\/rna.ao\/rna.ao\/wp-json\/wp\/v2\/media?parent=16254"}],"wp:term":[{"taxonomy":"category","embeddable":true,"href":"https:\/\/rna.ao\/rna.ao\/wp-json\/wp\/v2\/categories?post=16254"},{"taxonomy":"post_tag","embeddable":true,"href":"https:\/\/rna.ao\/rna.ao\/wp-json\/wp\/v2\/tags?post=16254"}],"curies":[{"name":"wp","href":"https:\/\/api.w.org\/{rel}","templated":true}]}}